{"id":1029813,"date":"2026-07-08T14:46:25","date_gmt":"2026-07-08T12:46:25","guid":{"rendered":"https:\/\/www.moensmeubelen.be\/?p=1029813"},"modified":"2026-07-08T14:54:57","modified_gmt":"2026-07-08T12:54:57","slug":"revor-summer-sale-fr","status":"publish","type":"post","link":"https:\/\/www.moensmeubelen.be\/fr\/revor-summer-sale-fr\/","title":{"rendered":"Revor Summer Sale 2026"},"content":{"rendered":"<div class=\"wpb-content-wrapper\" id=\"wpb-content-root\"><p>[vc_row full_width=&#8221;stretch_row_content_no_spaces&#8221;][vc_column][vc_single_image image=&#8221;1029811&#8243; img_size=&#8221;large&#8221; alignment=&#8221;center&#8221;][\/vc_column][\/vc_row][vc_row][vc_column][vc_empty_space]\n\t\t<div id=\"wd-6a952256dece1\" class=\"title-wrapper wd-wpb wd-set-mb reset-last-child  wd-title-color-default wd-title-style-default text-center  wd-underline-colored\">\n\t\t\t\t\t\t\t\n\t\t\t\t<div class=\"title-subtitle  subtitle-color-default font-default subtitle-style-default wd-font-weight- wd-fontsize-xs\">Valable du 1er au 31 juillet 2026<\/div>\n\t\t\t\n\t\t\t<div class=\"liner-continer\">\n\t\t\t\t<h4 class=\"woodmart-title-container title  wd-font-weight- wd-fontsize-xxl\" >Revor Summer Sale chez Meubelen Moens<\/h4>\n\t\t\t\t\t\t\t<\/div>\n\t\t\t\n\t\t\t\n\t\t\t\n\t\t<\/div>\n\t\t\n\t\t[vc_column_text]Pendant le Revor Summer Sale, profitez chez Meubelen Moens de remises attractives sur les matelas, surmatelas, sommiers \u00e0 lattes, couettes, oreillers et prot\u00e8ge-matelas. D\u00e9couvrez ci-dessous toutes les promotions et composez votre nuit de sommeil id\u00e9ale. Passez vite nous voir en magasin\u00a0![\/vc_column_text][vc_empty_space][\/vc_column][\/vc_row][vc_row][vc_column]\n\t\t<div id=\"wd-6a952256dedd6\" class=\"title-wrapper wd-wpb wd-set-mb reset-last-child  wd-title-color-default wd-title-style-default text-center  wd-underline-colored\">\n\t\t\t\n\t\t\t<div class=\"liner-continer\">\n\t\t\t\t<h4 class=\"woodmart-title-container title  wd-font-weight- wd-fontsize-xl\" >Les promotions en un coup d'\u0153il<\/h4>\n\t\t\t\t\t\t\t<\/div>\n\t\t\t\n\t\t\t\n\t\t\t\n\t\t<\/div>\n\t\t\n\t\t[vc_empty_space height=&#8221;10px&#8221;][\/vc_column][\/vc_row][vc_row content_placement=&#8221;middle&#8221;][vc_column width=&#8221;1\/3&#8243;]\n\t\t<div id=\"wd-6a952256dee50\" class=\"title-wrapper wd-wpb wd-set-mb reset-last-child  wd-title-color-primary wd-title-style-default text-center  wd-underline-colored\">\n\t\t\t\n\t\t\t<div class=\"liner-continer\">\n\t\t\t\t<h4 class=\"woodmart-title-container title  wd-font-weight- wd-fontsize-xxxl\" >-10%<\/h4>\n\t\t\t\t\t\t\t<\/div>\n\t\t\t\n\t\t\t\n\t\t\t\n\t\t<\/div>\n\t\t\n\t\t\n\t\t<div id=\"wd-6a952256deeaa\" class=\"title-wrapper wd-wpb wd-set-mb reset-last-child  wd-title-color-default wd-title-style-default text-center  wd-underline-colored\">\n\t\t\t\n\t\t\t<div class=\"liner-continer\">\n\t\t\t\t<h4 class=\"woodmart-title-container title  wd-font-weight- wd-fontsize-m\" >sur les matelas<\/h4>\n\t\t\t\t\t\t\t<\/div>\n\t\t\t\n\t\t\t\n\t\t\t\n\t\t<\/div>\n\t\t\n\t\t[vc_column_text css=&#8221;&#8221; woodmart_inline=&#8221;no&#8221; text_larger=&#8221;no&#8221;]<\/p>\n<p style=\"text-align: center;\">\u00c0 l&#8217;exception des matelas Chill, Comfort 750 et Relax 1500. Cumulable avec d&#8217;autres r\u00e9ductions.<\/p>\n<p>[\/vc_column_text][\/vc_column][vc_column width=&#8221;1\/3&#8243;]\n\t\t<div id=\"wd-6a952256deef0\" class=\"title-wrapper wd-wpb wd-set-mb reset-last-child  wd-title-color-primary wd-title-style-default text-center  wd-underline-colored\">\n\t\t\t\n\t\t\t<div class=\"liner-continer\">\n\t\t\t\t<h4 class=\"woodmart-title-container title  wd-font-weight- wd-fontsize-xxxl\" >-10%<\/h4>\n\t\t\t\t\t\t\t<\/div>\n\t\t\t\n\t\t\t\n\t\t\t\n\t\t<\/div>\n\t\t\n\t\t\n\t\t<div id=\"wd-6a952256def30\" class=\"title-wrapper wd-wpb wd-set-mb reset-last-child  wd-title-color-default wd-title-style-default text-center  wd-underline-colored\">\n\t\t\t\n\t\t\t<div class=\"liner-continer\">\n\t\t\t\t<h4 class=\"woodmart-title-container title  wd-font-weight- wd-fontsize-m\" >sur les surmatelas focus et royal<\/h4>\n\t\t\t\t\t\t\t<\/div>\n\t\t\t\n\t\t\t\n\t\t\t\n\t\t<\/div>\n\t\t\n\t\t[vc_column_text]Cumulable avec d&#8217;autres r\u00e9ductions.[\/vc_column_text][\/vc_column][vc_column width=&#8221;1\/3&#8243;]\n\t\t<div id=\"wd-6a952256def7e\" class=\"title-wrapper wd-wpb wd-set-mb reset-last-child  wd-title-color-primary wd-title-style-default text-center  wd-underline-colored\">\n\t\t\t\n\t\t\t<div class=\"liner-continer\">\n\t\t\t\t<h4 class=\"woodmart-title-container title  wd-font-weight- wd-fontsize-xxxl\" >-10%<\/h4>\n\t\t\t\t\t\t\t<\/div>\n\t\t\t\n\t\t\t\n\t\t\t\n\t\t<\/div>\n\t\t\n\t\t\n\t\t<div id=\"wd-6a952256defbe\" class=\"title-wrapper wd-wpb wd-set-mb reset-last-child  wd-title-color-default wd-title-style-default text-center  wd-underline-colored\">\n\t\t\t\n\t\t\t<div class=\"liner-continer\">\n\t\t\t\t<h4 class=\"woodmart-title-container title  wd-font-weight- wd-fontsize-m\" >sur les couettes, oreillers &amp; prot\u00e8ge-matelas<\/h4>\n\t\t\t\t\t\t\t<\/div>\n\t\t\t\n\t\t\t\n\t\t\t\n\t\t<\/div>\n\t\t\n\t\t[vc_column_text]Non cumulable avec d&#8217;autres r\u00e9ductions.[\/vc_column_text][\/vc_column][\/vc_row][vc_row][vc_column][vc_empty_space][\/vc_column][\/vc_row][vc_row content_placement=&#8221;middle&#8221;][vc_column width=&#8221;1\/2&#8243;]\n\t\t<div id=\"wd-6a952256df002\" class=\"title-wrapper wd-wpb wd-set-mb reset-last-child  wd-title-color-primary wd-title-style-default text-center  wd-underline-colored\">\n\t\t\t\n\t\t\t<div class=\"liner-continer\">\n\t\t\t\t<h4 class=\"woodmart-title-container title  wd-font-weight- wd-fontsize-xxxl\" >-10%<\/h4>\n\t\t\t\t\t\t\t<\/div>\n\t\t\t\n\t\t\t\n\t\t\t\n\t\t<\/div>\n\t\t\n\t\t\n\t\t<div id=\"wd-6a952256df040\" class=\"title-wrapper wd-wpb wd-set-mb reset-last-child  wd-title-color-default wd-title-style-default text-center  wd-underline-colored\">\n\t\t\t\n\t\t\t<div class=\"liner-continer\">\n\t\t\t\t<h4 class=\"woodmart-title-container title  wd-font-weight- wd-fontsize-m\" >sur les sommiers \u00e0 lattes<\/h4>\n\t\t\t\t\t\t\t<\/div>\n\t\t\t\n\t\t\t\n\t\t\t\n\t\t<\/div>\n\t\t\n\t\t[vc_column_text]\u00c0 l&#8217;exception des sommiers \u00e0 lattes promoflex. Cumulable avec d&#8217;autres r\u00e9ductions.[\/vc_column_text][\/vc_column][vc_column width=&#8221;1\/2&#8243;]\n\t\t<div id=\"wd-6a952256df07e\" class=\"title-wrapper wd-wpb wd-set-mb reset-last-child  wd-title-color-primary wd-title-style-default text-center  wd-underline-colored\">\n\t\t\t\n\t\t\t<div class=\"liner-continer\">\n\t\t\t\t<h4 class=\"woodmart-title-container title  wd-font-weight- wd-fontsize-xxxl\" >-10%<\/h4>\n\t\t\t\t\t\t\t<\/div>\n\t\t\t\n\t\t\t\n\t\t\t\n\t\t<\/div>\n\t\t\n\t\t\n\t\t<div id=\"wd-6a952256df0ba\" class=\"title-wrapper wd-wpb wd-set-mb reset-last-child  wd-title-color-default wd-title-style-default text-center  wd-underline-colored\">\n\t\t\t\n\t\t\t<div class=\"liner-continer\">\n\t\t\t\t<h4 class=\"woodmart-title-container title  wd-font-weight- wd-fontsize-m\" >sur la Stockbox pocket 25<\/h4>\n\t\t\t\t\t\t\t<\/div>\n\t\t\t\n\t\t\t\n\t\t\t\n\t\t<\/div>\n\t\t\n\t\t[vc_column_text]Cumulable avec d&#8217;autres r\u00e9ductions.[\/vc_column_text][\/vc_column][\/vc_row][vc_row][vc_column][vc_empty_space]\n\t\t<div id=\"wd-6a952256df0f8\" class=\"title-wrapper wd-wpb wd-set-mb reset-last-child  wd-title-color-default wd-title-style-default text-center  wd-underline-colored\">\n\t\t\t\n\t\t\t<div class=\"liner-continer\">\n\t\t\t\t<h4 class=\"woodmart-title-container title  wd-font-weight- wd-fontsize-xl\" >Consultez le folder complet du Revor Summer Sale<\/h4>\n\t\t\t\t\t\t\t<\/div>\n\t\t\t\n\t\t\t\n\t\t\t\n\t\t<\/div>\n\t\t\n\t\t[\/vc_column][\/vc_row][vc_row][vc_column][vc_raw_html]JTNDZGl2JTIwc3R5bGUlM0QlMjJtYXgtd2lkdGglM0E2MDBweCUzQm1hcmdpbiUzQTMwcHglMjBhdXRvJTNCJTIyJTNFJTNDZGl2JTIwc3R5bGUlM0QlMjJwb3NpdGlvbiUzQXJlbGF0aXZlJTNCcGFkZGluZy1ib3R0b20lM0ExNDEuNiUyNSUzQmhlaWdodCUzQTAlM0JvdmVyZmxvdyUzQWhpZGRlbiUzQmJvcmRlci1yYWRpdXMlM0E4cHglM0Jib3gtc2hhZG93JTNBMCUyMDZweCUyMDI0cHglMjByZ2JhJTI4MCUyQzAlMkMwJTJDLjEyJTI5JTNCJTIyJTNFJTNDaWZyYW1lJTIwc3JjJTNEJTIyaHR0cHMlM0ElMkYlMkZ3d3cueXVtcHUuY29tJTJGZnIlMkZlbWJlZCUyRnZpZXclMkZzb3E1RXczWFZ0eHBpbldZJTIyJTIwc3R5bGUlM0QlMjJwb3NpdGlvbiUzQWFic29sdXRlJTNCdG9wJTNBMCUzQmxlZnQlM0EwJTNCd2lkdGglM0ExMDAlMjUlM0JoZWlnaHQlM0ExMDAlMjUlM0Jib3JkZXIlM0EwJTNCJTIyJTIwZnJhbWVib3JkZXIlM0QlMjIwJTIyJTIwYWxsb3dmdWxsc2NyZWVuJTNEJTIydHJ1ZSUyMiUyMGFsbG93dHJhbnNwYXJlbmN5JTNEJTIydHJ1ZSUyMiUzRSUzQyUyRmlmcmFtZSUzRSUzQyUyRmRpdiUzRSUzQyUyRmRpdiUzRQ==[\/vc_raw_html][vc_empty_space][\/vc_column][\/vc_row][vc_row][vc_column]\n\t\t<div id=\"wd-6a952256df13d\" class=\"title-wrapper wd-wpb wd-set-mb reset-last-child  wd-title-color-default wd-title-style-default text-center  wd-underline-colored\">\n\t\t\t\n\t\t\t<div class=\"liner-continer\">\n\t\t\t\t<h4 class=\"woodmart-title-container title  wd-font-weight- wd-fontsize-xl\" >Conditions de l'action<\/h4>\n\t\t\t\t\t\t\t<\/div>\n\t\t\t\n\t\t\t\n\t\t\t\n\t\t<\/div>\n\t\t\n\t\t[vc_column_text]<\/p>\n<ul>\n<li>Summer Sale valable du 01\/07\/26 au 31\/07\/26 inclus.<\/li>\n<li>-10% sur les matelas, \u00e0 l&#8217;exception des matelas Chill, Comfort 750 et Relax 1500 (cumulable avec d&#8217;autres r\u00e9ductions).<\/li>\n<li>-10% sur les surmatelas focus et royal (cumulable avec d&#8217;autres r\u00e9ductions).<\/li>\n<li>-10% sur les couettes, oreillers et prot\u00e8ge-matelas (non cumulable avec d&#8217;autres r\u00e9ductions).<\/li>\n<li>-10% sur les sommiers \u00e0 lattes, \u00e0 l&#8217;exception des sommiers promoflex (cumulable avec d&#8217;autres r\u00e9ductions).<\/li>\n<li>-10% sur la Stockbox pocket 25 (cumulable avec d&#8217;autres r\u00e9ductions).<\/li>\n<\/ul>\n<p>[\/vc_column_text][\/vc_column][\/vc_row]<\/p>\n<\/div>","protected":false},"excerpt":{"rendered":"<p>Profitez du 1er au 31 juillet 2026 du Revor Summer Sale chez Meubelen Moens : jusqu&#8217;\u00e0 -10% sur les matelas, surmatelas, sommiers \u00e0 lattes, couettes, oreillers et prot\u00e8ge-matelas.<\/p>\n","protected":false},"author":1,"featured_media":1029811,"comment_status":"closed","ping_status":"closed","sticky":false,"template":"","format":"standard","meta":{"_relevanssi_hide_post":"","_relevanssi_hide_content":"","_relevanssi_pin_for_all":"","_relevanssi_pin_keywords":"","_relevanssi_unpin_keywords":"","_relevanssi_related_keywords":"","_relevanssi_related_include_ids":"","_relevanssi_related_exclude_ids":"","_relevanssi_related_no_append":"","_relevanssi_related_not_related":"","_relevanssi_related_posts":"","_relevanssi_noindex_reason":"","footnotes":""},"categories":[939,1111],"tags":[],"class_list":["post-1029813","post","type-post","status-publish","format-standard","has-post-thumbnail","hentry","category-non-classifiee","category-promos"],"_links":{"self":[{"href":"https:\/\/www.moensmeubelen.be\/fr\/wp-json\/wp\/v2\/posts\/1029813","targetHints":{"allow":["GET"]}}],"collection":[{"href":"https:\/\/www.moensmeubelen.be\/fr\/wp-json\/wp\/v2\/posts"}],"about":[{"href":"https:\/\/www.moensmeubelen.be\/fr\/wp-json\/wp\/v2\/types\/post"}],"author":[{"embeddable":true,"href":"https:\/\/www.moensmeubelen.be\/fr\/wp-json\/wp\/v2\/users\/1"}],"replies":[{"embeddable":true,"href":"https:\/\/www.moensmeubelen.be\/fr\/wp-json\/wp\/v2\/comments?post=1029813"}],"version-history":[{"count":3,"href":"https:\/\/www.moensmeubelen.be\/fr\/wp-json\/wp\/v2\/posts\/1029813\/revisions"}],"predecessor-version":[{"id":1030290,"href":"https:\/\/www.moensmeubelen.be\/fr\/wp-json\/wp\/v2\/posts\/1029813\/revisions\/1030290"}],"wp:featuredmedia":[{"embeddable":true,"href":"https:\/\/www.moensmeubelen.be\/fr\/wp-json\/wp\/v2\/media\/1029811"}],"wp:attachment":[{"href":"https:\/\/www.moensmeubelen.be\/fr\/wp-json\/wp\/v2\/media?parent=1029813"}],"wp:term":[{"taxonomy":"category","embeddable":true,"href":"https:\/\/www.moensmeubelen.be\/fr\/wp-json\/wp\/v2\/categories?post=1029813"},{"taxonomy":"post_tag","embeddable":true,"href":"https:\/\/www.moensmeubelen.be\/fr\/wp-json\/wp\/v2\/tags?post=1029813"}],"curies":[{"name":"wp","href":"https:\/\/api.w.org\/{rel}","templated":true}]}}