{"id":76351,"date":"2023-10-05T21:51:19","date_gmt":"2023-10-05T19:51:19","guid":{"rendered":"https:\/\/www.moensmeubelen.be\/omarm-de-gezelligheid-herfst-interieur-trends-voor-dit-seizoen\/"},"modified":"2026-08-17T18:05:39","modified_gmt":"2026-08-17T16:05:39","slug":"embrassez-la-convivialite-tendances-deco-automne-pour-cette-saison","status":"publish","type":"post","link":"https:\/\/www.moensmeubelen.be\/fr\/embrassez-la-convivialite-tendances-deco-automne-pour-cette-saison\/","title":{"rendered":"L&#8217;automne dans votre int\u00e9rieur : couches de textile, lumi\u00e8re chaude et saison de chauffe"},"content":{"rendered":"<div class=\"wpb-content-wrapper\" id=\"wpb-content-root\"><p>[vc_row full_width=&#8221;stretch_row_content_no_spaces&#8221;][vc_column][vc_single_image image=&#8221;802661&#8243; img_size=&#8221;full&#8221; alignment=&#8221;center&#8221;][\/vc_column][\/vc_row][vc_row][vc_column][vc_empty_space height=&#8221;20px&#8221;][vc_column_text]En septembre, quelque chose change dans votre salon sans que vous ayez rien d\u00e9plac\u00e9. Le soleil est plus bas, le jour raccourcit, et les couleurs qui paraissaient fra\u00eeches en juillet semblent soudain nues. Ce n&#8217;est pas une impression: le m\u00eame int\u00e9rieur se per\u00e7oit autrement sous une autre lumi\u00e8re. Nul besoin de nouveaux meubles pour y r\u00e9pondre, mais bien d&#8217;une autre couche de textile et de lumi\u00e8re. Voici ce que vous changez concr\u00e8tement, dans quel ordre, et ce dont vos meubles ont besoin \u00e0 l&#8217;approche de la saison de chauffe.[\/vc_column_text][\/vc_column][\/vc_row][vc_row][vc_column][vc_column_text]<\/p>\n<h2>Pourquoi l&#8217;int\u00e9rieur change en automne<\/h2>\n<p>Deux choses \u00e9voluent en m\u00eame temps. La <strong>lumi\u00e8re du jour<\/strong> devient plus chaude et entre sous un angle plus bas, p\u00e9n\u00e9trant plus profond\u00e9ment mais moins longtemps. Et vous passez <strong>plus de temps \u00e0 l&#8217;int\u00e9rieur<\/strong>, sous lumi\u00e8re artificielle plut\u00f4t que naturelle.<\/p>\n<p>Cela explique qu&#8217;une pi\u00e8ce l\u00e9g\u00e8re en \u00e9t\u00e9 puisse para\u00eetre vide en octobre. Les heures o\u00f9 la lumi\u00e8re naturelle remplit l&#8217;espace se rar\u00e9fient, et l&#8217;\u00e9clairage artificiel qui prend le relais n&#8217;est souvent pas adapt\u00e9.<\/p>\n<p>Les interventions qui y r\u00e9pondent tiennent toutes aux <strong>couches<\/strong>: plus de textile, plus de points lumineux, plus de texture. Pas plus d&#8217;objets, mais plus de profondeur. Et le bon c\u00f4t\u00e9: cette couche s&#8217;all\u00e8ge simplement au printemps.[\/vc_column_text][\/vc_column][\/vc_row][vc_row equal_height=&#8221;yes&#8221; content_placement=&#8221;middle&#8221;][vc_column width=&#8221;1\/2&#8243;][vc_single_image image=&#8221;1046594&#8243; img_size=&#8221;large&#8221;][\/vc_column][vc_column width=&#8221;1\/2&#8243;][vc_column_text]<\/p>\n<h2>Construire le textile en couches<\/h2>\n<p>Commencez par le <strong>canap\u00e9<\/strong>. Remplacez les housses en lin de l&#8217;\u00e9t\u00e9 par quelque chose de plus textur\u00e9: laine, boucl\u00e9, velours c\u00f4tel\u00e9, tricot. La m\u00eame teinte dans une autre texture transforme d\u00e9j\u00e0 sensiblement la pi\u00e8ce, sans toucher \u00e0 votre palette.<\/p>\n<p>Ajoutez un <strong>plaid<\/strong> que vous utilisez vraiment. Un plaid pos\u00e9 uniquement pour le d\u00e9cor sur un accoudoir para\u00eet artificiel; celui que vous prenez le soir fait partie du lieu.<\/p>\n<p>Regardez vos <strong>rideaux<\/strong>. Un tissu plus lourd retient la chaleur et amortit le bruit. Des rideaux qui tombent au sol et d\u00e9passent la largeur de la fen\u00eatre donnent imm\u00e9diatement une impression d&#8217;ach\u00e8vement.<\/p>\n<p>Enfin le <strong>tapis<\/strong>. De tous les textiles, c&#8217;est lui qui agit le plus sur l&#8217;acoustique et la temp\u00e9rature ressentie d&#8217;une pi\u00e8ce \u00e0 sol dur. C&#8217;est g\u00e9n\u00e9ralement l&#8217;intervention la plus co\u00fbteuse, mais aussi la plus perceptible.[\/vc_column_text][\/vc_column][\/vc_row][vc_row][vc_column][vc_column_text]<\/p>\n<h2>Couleurs et mati\u00e8res qui fonctionnent<\/h2>\n<ul>\n<li>Les <strong>tons terreux chauds<\/strong> comme la terracotta, l&#8217;ocre, la rouille, l&#8217;olive et le brun chaud absorbent la lumi\u00e8re au lieu de la renvoyer, ce qui rend la pi\u00e8ce plus enveloppante.<\/li>\n<li>Les <strong>teintes profondes<\/strong> peuvent prendre plus de place en automne: vert for\u00eat, bleu nuit, aubergine. Introduisez-les par le textile et la d\u00e9coration, pas par un nouveau canap\u00e9.<\/li>\n<li><strong>La texture avant la couleur.<\/strong> Un coussin en grosse maille dans la teinte de vos coussins existants fait plus qu&#8217;un coussin lisse de couleur vive.<\/li>\n<li>Les <strong>mati\u00e8res naturelles<\/strong> \u00e0 texture tactile: laine, lin, rotin, c\u00e9ramique, bois. Elles apportent la chaleur que les surfaces lisses et brillantes ne donnent pas.<\/li>\n<li><strong>Gardez la palette restreinte.<\/strong> Deux \u00e0 trois couleurs r\u00e9p\u00e9t\u00e9es, plus un accent. L&#8217;automne pousse \u00e0 empiler, et c&#8217;est pr\u00e9cis\u00e9ment ce qui encombre une pi\u00e8ce.<\/li>\n<\/ul>\n<p>[\/vc_column_text][\/vc_column][\/vc_row][vc_row equal_height=&#8221;yes&#8221; content_placement=&#8221;middle&#8221;][vc_column width=&#8221;1\/2&#8243;][vc_column_text]<\/p>\n<h2>La lumi\u00e8re est le changement le plus efficace<\/h2>\n<p>De toutes les interventions saisonni\u00e8res, l&#8217;\u00e9clairage produit le plus d&#8217;effet pour le moins de frais.<\/p>\n<p>En automne, misez sur <strong>plus de points lumineux plac\u00e9s bas<\/strong> plut\u00f4t que sur plus de lumi\u00e8re venue d&#8217;en haut. Un lampadaire pr\u00e8s du canap\u00e9, une lampe sur un dressoir, une source dans une niche. Trois points \u00e0 des hauteurs diff\u00e9rentes donnent une profondeur qu&#8217;un plafonnier n&#8217;atteint jamais.<\/p>\n<p>V\u00e9rifiez la <strong>teinte de lumi\u00e8re<\/strong>. Un blanc chaud autour de 2700 kelvins est ce qu&#8217;il faut dans un salon, et gardez cette valeur de mani\u00e8re coh\u00e9rente.<\/p>\n<p>La <strong>variation d&#8217;intensit\u00e9<\/strong> fait la diff\u00e9rence entre une pi\u00e8ce qui fonctionne encore \u00e0 dix-huit heures et une pi\u00e8ce qui ressemble alors \u00e0 un bureau.<\/p>\n<p>Et les bougies apportent ce qu&#8217;aucune lampe ne donne: une lumi\u00e8re en mouvement. Groupez-les par trois \u00e0 des hauteurs diff\u00e9rentes. Plus sur la construction lumineuse dans <a href=\"https:\/\/www.moensmeubelen.be\/fr\/light-my-fire-2\/\">l&#8217;\u00e9clairage du salon<\/a>.[\/vc_column_text][\/vc_column][vc_column width=&#8221;1\/2&#8243;][vc_single_image image=&#8221;1046596&#8243; img_size=&#8221;large&#8221;][\/vc_column][\/vc_row][vc_row][vc_column][vc_column_text]<\/p>\n<h2>Ce dont vos meubles ont besoin<\/h2>\n<p>L&#8217;automne est aussi le moment o\u00f9 vos meubles vous demandent quelque chose, ce que les articles de tendance mentionnent rarement.<\/p>\n<p>D\u00e8s que le chauffage d\u00e9marre, l&#8217;<strong>humidit\u00e9 int\u00e9rieure<\/strong> passe souvent de 55 \u00e0 30 ou 35 pour cent. Le bois massif reste stable entre 45 et 60 pour cent. Cet \u00e9cart explique pourquoi les joints des plateaux s&#8217;ouvrent en hiver et pourquoi de fines fentes apparaissent parfois. Un hygrom\u00e8tre \u00e0 quelques euros rend le probl\u00e8me visible, et un humidificateur ou un bac d&#8217;eau sur le radiateur le r\u00e8gle.<\/p>\n<p>Gardez par ailleurs <strong>trente centim\u00e8tres<\/strong> entre les meubles et les radiateurs, et ne placez pas un canap\u00e9 en cuir contre un po\u00eale: l&#8217;air chaud et sec retire les graisses du cuir.<\/p>\n<p>Le d\u00e9but de la saison de chauffe est aussi un moment logique pour l&#8217;entretien semestriel: rehuiler le bois, nourrir le cuir, retourner les coussins. Voir <a href=\"https:\/\/www.moensmeubelen.be\/fr\/comment-entretenir-un-meuble\/\">entretenir ses meubles<\/a>.[\/vc_column_text][\/vc_column][\/vc_row][vc_row][vc_column][vc_column_text]<\/p>\n<h2>Questions fr\u00e9quentes<\/h2>\n<h3>Faut-il vraiment tout changer \u00e0 chaque saison?<\/h3>\n<p>Non. Changez ce qui se range facilement: housses de coussins, plaids et \u00e9ventuellement les rideaux. La base reste en place. Qui poss\u00e8de deux jeux de housses dispose en pratique de deux int\u00e9rieurs.<\/p>\n<h3>Quelle humidit\u00e9 convient \u00e0 mes meubles?<\/h3>\n<p>Entre 45 et 60 pour cent. C&#8217;est aussi agr\u00e9able pour les occupants. Sous 40 pour cent, le bois massif se met sensiblement \u00e0 travailler.<\/p>\n<h3>Combien de coussins est-ce trop?<\/h3>\n<p>Sur un trois places, trois \u00e0 cinq coussins fonctionnent. Au-del\u00e0, le canap\u00e9 devient moins utilisable, ce que l&#8217;on constate surtout quand on veut vraiment s&#8217;y allonger.<\/p>\n<h3>Quand commencer l&#8217;entretien d&#8217;automne?<\/h3>\n<p>De pr\u00e9f\u00e9rence avant d&#8217;allumer le chauffage, donc en septembre ou d\u00e9but octobre. Le bois est alors encore \u00e0 son taux d&#8217;humidit\u00e9 estival et le traitement produit le plus d&#8217;effet.<\/p>\n<p>[\/vc_column_text][\/vc_column][\/vc_row][vc_row][vc_column][vc_column_text]<\/p>\n<h2>Composons votre couche d&#8217;automne<\/h2>\n<p>Coussins, plaids, rideaux et luminaires font ensemble l&#8217;ambiance, et cela se combine le mieux en vrai. Passez dans <a href=\"https:\/\/www.moensmeubelen.be\/fr\/contact\/\">notre salle d&#8217;exposition \u00e0 Londerzeel<\/a>, juste le long de l&#8217;A12 entre Anvers et Bruxelles avec une photo de votre salon. La gamme <a href=\"https:\/\/www.moensmeubelen.be\/fr\/cat\/wonen_fr_BE\/decoratie_fr_BE\/\">d\u00e9coration<\/a> et <a href=\"https:\/\/www.moensmeubelen.be\/fr\/cat\/wonen_fr_BE\/zetels_fr_BE\/\">si\u00e8ges<\/a> est en ligne.[\/vc_column_text][vc_empty_space height=&#8221;20px&#8221;][\/vc_column][\/vc_row][vc_row][vc_column][vc_column_text]<\/p>\n<h2>\u00c0 propos de cet article<\/h2>\n<p>Meubelen Moens est une entreprise familiale situ\u00e9e le long de l&#8217;A12 \u00e0 Londerzeel, fond\u00e9e en 1948 par Louis Moens, menuisier et sculpteur de formation. Les conseils d&#8217;am\u00e9nagement proviennent de la pratique quotidienne de notre salle d&#8217;exposition; les rep\u00e8res d&#8217;humidit\u00e9 et d&#8217;entretien, des prescriptions des fabricants avec lesquels nous travaillons et de ce que notre service apr\u00e8s-vente constate chaque saison de chauffe. Derni\u00e8re v\u00e9rification le 17 ao\u00fbt 2026.[\/vc_column_text][\/vc_column][\/vc_row]<\/p>\n<h3>Lisez aussi<\/h3>\n<ul>\n<li><a href=\"https:\/\/www.moensmeubelen.be\/fr\/quiet-luxury-interieur-fr\/\">Le quiet luxury chez vous : une qualit\u00e9 qui se sent, pas qui se voit<\/a><\/li>\n<li><a href=\"https:\/\/www.moensmeubelen.be\/fr\/marier-vintage-et-neuf\/\">Marier vintage et neuf : l&#039;armoire de grand-m\u00e8re et votre salon neuf<\/a><\/li>\n<li><a href=\"https:\/\/www.moensmeubelen.be\/fr\/cat\/wonen_fr_BE\/\">D\u00e9couvrez toute notre collection pour le salon<\/a><\/li>\n<\/ul>\n<\/div>","protected":false},"excerpt":{"rendered":"<p>En automne, l&#8217;int\u00e9rieur change \u00e0 cause de la lumi\u00e8re, pas des meubles. Ce qu&#8217;il faut changer en textile et en \u00e9clairage, et ce dont vos meubles ont besoin.<\/p>\n","protected":false},"author":1,"featured_media":802661,"comment_status":"closed","ping_status":"closed","sticky":false,"template":"","format":"standard","meta":{"_relevanssi_hide_post":"","_relevanssi_hide_content":"","_relevanssi_pin_for_all":"","_relevanssi_pin_keywords":"","_relevanssi_unpin_keywords":"","_relevanssi_related_keywords":"","_relevanssi_related_include_ids":"","_relevanssi_related_exclude_ids":"","_relevanssi_related_no_append":"","_relevanssi_related_not_related":"","_relevanssi_related_posts":"","_relevanssi_noindex_reason":"","footnotes":""},"categories":[25031,1117],"tags":[1119,1120],"class_list":["post-76351","post","type-post","status-publish","format-standard","has-post-thumbnail","hentry","category-infos","category-nieuws-fr","tag-news-fr","tag-zetels-fr"],"_links":{"self":[{"href":"https:\/\/www.moensmeubelen.be\/fr\/wp-json\/wp\/v2\/posts\/76351","targetHints":{"allow":["GET"]}}],"collection":[{"href":"https:\/\/www.moensmeubelen.be\/fr\/wp-json\/wp\/v2\/posts"}],"about":[{"href":"https:\/\/www.moensmeubelen.be\/fr\/wp-json\/wp\/v2\/types\/post"}],"author":[{"embeddable":true,"href":"https:\/\/www.moensmeubelen.be\/fr\/wp-json\/wp\/v2\/users\/1"}],"replies":[{"embeddable":true,"href":"https:\/\/www.moensmeubelen.be\/fr\/wp-json\/wp\/v2\/comments?post=76351"}],"version-history":[{"count":2,"href":"https:\/\/www.moensmeubelen.be\/fr\/wp-json\/wp\/v2\/posts\/76351\/revisions"}],"predecessor-version":[{"id":1046662,"href":"https:\/\/www.moensmeubelen.be\/fr\/wp-json\/wp\/v2\/posts\/76351\/revisions\/1046662"}],"wp:featuredmedia":[{"embeddable":true,"href":"https:\/\/www.moensmeubelen.be\/fr\/wp-json\/wp\/v2\/media\/802661"}],"wp:attachment":[{"href":"https:\/\/www.moensmeubelen.be\/fr\/wp-json\/wp\/v2\/media?parent=76351"}],"wp:term":[{"taxonomy":"category","embeddable":true,"href":"https:\/\/www.moensmeubelen.be\/fr\/wp-json\/wp\/v2\/categories?post=76351"},{"taxonomy":"post_tag","embeddable":true,"href":"https:\/\/www.moensmeubelen.be\/fr\/wp-json\/wp\/v2\/tags?post=76351"}],"curies":[{"name":"wp","href":"https:\/\/api.w.org\/{rel}","templated":true}]}}