{"id":76353,"date":"2023-06-18T10:38:20","date_gmt":"2023-06-18T08:38:20","guid":{"rendered":"https:\/\/www.moensmeubelen.be\/matras-te-vervangen\/"},"modified":"2026-08-17T17:37:56","modified_gmt":"2026-08-17T15:37:56","slug":"quand-remplacer-son-matelas","status":"publish","type":"post","link":"https:\/\/www.moensmeubelen.be\/fr\/quand-remplacer-son-matelas\/","title":{"rendered":"Quand remplacer son matelas : les signaux et ce qui prolonge sa vie"},"content":{"rendered":"<div class=\"wpb-content-wrapper\" id=\"wpb-content-root\"><p>[vc_row full_width=&#8221;stretch_row_content_no_spaces&#8221;][vc_column][vc_single_image image=&#8221;802665&#8243; img_size=&#8221;full&#8221; alignment=&#8221;center&#8221;][\/vc_column][\/vc_row][vc_row][vc_column][vc_empty_space height=&#8221;20px&#8221;][vc_column_text]Un matelas se remplace en moyenne apr\u00e8s huit \u00e0 dix ans. Ce chiffre n&#8217;est pas un argument commercial mais le moment o\u00f9 la plupart des matelas ont largement perdu leur soutien d&#8217;origine. La difficult\u00e9: cette d\u00e9gradation est si progressive qu&#8217;elle passe inaper\u00e7ue, votre corps s&#8217;adaptant un peu chaque nuit. C&#8217;est pourquoi on ne s&#8217;en rend compte qu&#8217;apr\u00e8s avoir dormi ailleurs une semaine. Voici les signaux v\u00e9rifiables, ce qui arrive r\u00e9ellement \u00e0 un matelas en dix ans, et ce qui permet d&#8217;allonger sa dur\u00e9e de vie.[\/vc_column_text][\/vc_column][\/vc_row][vc_row][vc_column][vc_column_text]<\/p>\n<h2>Les cinq signaux<\/h2>\n<p><strong>Vous vous r\u00e9veillez raide ou douloureux<\/strong> et cela s&#8217;am\u00e9liore au cours de la matin\u00e9e. Cela indique un soutien insuffisant pendant la nuit.<\/p>\n<p><strong>Vous dormez mieux ailleurs.<\/strong> Rentrer repos\u00e9 d&#8217;un s\u00e9jour \u00e0 l&#8217;h\u00f4tel ou chez des proches est un indice fort.<\/p>\n<p><strong>Vous voyez ou sentez un creux.<\/strong> Posez une r\u00e8gle ou un manche \u00e0 balai en travers du matelas et regardez s&#8217;il reste de l&#8217;espace dessous. Plus de deux centim\u00e8tres d&#8217;affaissement, c&#8217;est trop.<\/p>\n<p><strong>Vous vous retournez plus qu&#8217;avant.<\/strong> Se retourner inconsciemment est la fa\u00e7on dont le corps soulage des points de pression que le matelas ne r\u00e9partit plus.<\/p>\n<p><strong>Vos allergies ou vos voies respiratoires g\u00eanent davantage<\/strong> le matin que la journ\u00e9e. Cela peut trahir une accumulation d&#8217;acariens.<\/p>\n<p>Un seul signal ne dit pas grand-chose. Deux ou plus \u00e0 la fois, sur un matelas de plus de huit ans, constituent une indication claire.[\/vc_column_text][\/vc_column][\/vc_row][vc_row equal_height=&#8221;yes&#8221; content_placement=&#8221;middle&#8221;][vc_column width=&#8221;1\/2&#8243;][vc_single_image image=&#8221;1046529&#8243; img_size=&#8221;large&#8221;][\/vc_column][vc_column width=&#8221;1\/2&#8243;][vc_column_text]<\/p>\n<h2>Ce qui se passe en dix ans<\/h2>\n<p>Faisons le calcul. Qui dort huit heures par nuit passe en dix ans pr\u00e8s de trente mille heures sur le m\u00eame matelas. L&#8217;\u00e9quivalent de quatorze ans de travail \u00e0 temps plein.<\/p>\n<p>Pendant ce temps, les ressorts ou les cellules de mousse sont comprim\u00e9s et rel\u00e2ch\u00e9s des dizaines de milliers de fois, toujours aux m\u00eames endroits: \u00e9paule, bassin, talons. La fatigue du mat\u00e9riau en est la cons\u00e9quence in\u00e9vitable. Sur la mousse, cela se traduit par un affaissement d\u00e9finitif; sur les ressorts, par une \u00e9lasticit\u00e9 r\u00e9duite.<\/p>\n<p>En parall\u00e8le, le matelas absorbe de l&#8217;humidit\u00e9 chaque nuit. Une partie s&#8217;\u00e9vapore la journ\u00e9e, une partie reste dans le garnissage. Apr\u00e8s des ann\u00e9es, cela signifie un poids sensiblement sup\u00e9rieur et un climat plus favorable aux acariens.<\/p>\n<p>La combinaison des deux explique pourquoi un matelas de dix ans, m\u00eame d&#8217;aspect encore correct, ne fait plus ce qu&#8217;il faisait \u00e0 la livraison.[\/vc_column_text][\/vc_column][\/vc_row][vc_row][vc_column][vc_column_text]<\/p>\n<h2>Ce qui allonge la dur\u00e9e de vie<\/h2>\n<ul>\n<li><strong>Tournez et retournez tous les trois mois.<\/strong> Alternativement t\u00eate-pied et dessus-dessous, sauf matelas \u00e0 face unique. C&#8217;est la mesure au plus grand effet.<\/li>\n<li><strong>Utilisez un prot\u00e8ge-matelas<\/strong> et lavez-le toutes les six \u00e0 huit semaines. Il retient l&#8217;humidit\u00e9 et les squames, ce qui p\u00e8se directement sur l&#8217;hygi\u00e8ne et sur le poids du matelas.<\/li>\n<li><strong>Laissez le matelas s&#8217;a\u00e9rer.<\/strong> Rabattez la couette le matin au lieu de faire le lit imm\u00e9diatement. Dix minutes suffisent.<\/li>\n<li><strong>Aspirez-le deux fois par an<\/strong> avec la brosse douce, flancs compris.<\/li>\n<li><strong>Contr\u00f4lez votre sommier.<\/strong> Une latte cass\u00e9e rend un bon matelas inutilisable en quelques mois, et ces d\u00e9g\u00e2ts ne sont pas couverts par la garantie.<\/li>\n<li><strong>Ne vous asseyez pas toujours sur le bord.<\/strong> La zone de bordure est le point faible de tout matelas, et s&#8217;y asseoir chaque jour au m\u00eame endroit la casse en premier.<\/li>\n<\/ul>\n<p>[\/vc_column_text][\/vc_column][\/vc_row][vc_row equal_height=&#8221;yes&#8221; content_placement=&#8221;middle&#8221;][vc_column width=&#8221;1\/2&#8243;][vc_column_text]<\/p>\n<h2>Ce qui ne fonctionne pas<\/h2>\n<p>Quelques solutions circulent qui d\u00e9placent le probl\u00e8me au lieu de le r\u00e9soudre.<\/p>\n<p>Un <strong>surmatelas sur un matelas affaiss\u00e9<\/strong> adoucit la surface de contact mais ne change pas le soutien en dessous. Le creux demeure, vous le sentez seulement moins nettement. C&#8217;est un report, pas une r\u00e9paration.<\/p>\n<p><strong>Glisser une planche sous le matelas<\/strong> corrige temporairement un sommier affaiss\u00e9, mais supprime la ventilation. L&#8217;humidit\u00e9 ne peut plus s&#8217;\u00e9vacuer par le bas, avec des taches sur la face inf\u00e9rieure \u00e0 la cl\u00e9.<\/p>\n<p><strong>Retourner un matelas \u00e0 face unique<\/strong> ne sert \u00e0 rien: la couche de confort ne se trouve que d&#8217;un c\u00f4t\u00e9, l&#8217;autre face n&#8217;\u00e9tant con\u00e7ue que comme dessous.<\/p>\n<p>Enfin, <strong>garder un matelas parce qu&#8217;il a co\u00fbt\u00e9 cher<\/strong> est le choix le plus co\u00fbteux de tous. R\u00e9parti sur dix ans, m\u00eame un matelas haut de gamme revient \u00e0 moins qu&#8217;un caf\u00e9 par nuit.[\/vc_column_text][\/vc_column][vc_column width=&#8221;1\/2&#8243;][vc_single_image image=&#8221;1046531&#8243; img_size=&#8221;large&#8221;][\/vc_column][\/vc_row][vc_row][vc_column][vc_column_text]<\/p>\n<h2>Que faire de l&#8217;ancien matelas?<\/h2>\n<p>Un matelas ne se d\u00e9pose pas simplement sur le trottoir avec les encombrants. En Belgique, les matelas font l&#8217;objet d&#8217;une collecte s\u00e9par\u00e9e et d&#8217;un recyclage: mousse, ressorts et textile sont s\u00e9par\u00e9s et valoris\u00e9s.<\/p>\n<p>Trois voies existent. Vous pouvez apporter le matelas au <strong>parc \u00e0 conteneurs<\/strong> de votre commune. Vous pouvez demander un <strong>enl\u00e8vement sur rendez-vous<\/strong> via votre commune ou votre intercommunale. Ou vous faites <strong>reprendre l&#8217;ancien matelas \u00e0 la livraison<\/strong> du nouveau.<\/p>\n<p>Cette derni\u00e8re option se r\u00e8gle avec nous \u00e0 la commande. Signalez-le \u00e0 l&#8217;avance, pour que notre service de livraison en tienne compte et puisse emporter le matelas emball\u00e9. Les conditions et frais \u00e9ventuels varient; demandez-nous les modalit\u00e9s actuelles lors de votre commande.<\/p>\n<p>Un matelas encore en bon \u00e9tat peut parfois servir de couchage d&#8217;appoint, mais ne transmettez pas un matelas dont vous constatez vous-m\u00eame l&#8217;affaissement.[\/vc_column_text][\/vc_column][\/vc_row][vc_row][vc_column][vc_column_text]<\/p>\n<h2>Questions fr\u00e9quentes<\/h2>\n<h3>Un matelas cher dure-t-il plus longtemps?<\/h3>\n<p>G\u00e9n\u00e9ralement oui, mais pas ind\u00e9finiment. De meilleurs mat\u00e9riaux ralentissent la fatigue du mat\u00e9riau, mais le vieillissement hygi\u00e9nique est comparable sur tous les matelas. Comptez dix \u00e0 douze ans au lieu de huit sur un bon matelas.<\/p>\n<h3>Mon matelas est encore sous garantie. Est-il encore bon?<\/h3>\n<p>Pas n\u00e9cessairement. La garantie couvre les d\u00e9fauts de mat\u00e9riau et de fabrication, g\u00e9n\u00e9ralement avec une tol\u00e9rance d&#8217;affaissement normal d&#8217;un \u00e0 deux centim\u00e8tres. Un matelas peut donc rester sous garantie sans plus vous convenir.<\/p>\n<h3>Faut-il remplacer le sommier en m\u00eame temps?<\/h3>\n<p>Examinez-le au moment du remplacement. Des lattes fl\u00e9chies ou cass\u00e9es transf\u00e8rent le probl\u00e8me \u00e0 votre nouveau matelas. Dans bien des cas, remplacer les deux ensemble est le choix le plus sage.<\/p>\n<h3>Un matelas peut-il causer un mal de dos?<\/h3>\n<p>Un matelas qui ne soutient plus peut d\u00e9clencher ou aggraver des plaintes, mais le mal de dos a souvent plusieurs causes. Si les douleurs persistent apr\u00e8s le remplacement, parlez-en \u00e0 votre m\u00e9decin ou \u00e0 votre kin\u00e9sith\u00e9rapeute.<\/p>\n<p>[\/vc_column_text][\/vc_column][\/vc_row][vc_row][vc_column][vc_column_text]<\/p>\n<h2>Un doute sur le bon moment?<\/h2>\n<p>Faites d&#8217;abord le test de la r\u00e8gle chez vous, puis Passez dans <a href=\"https:\/\/www.moensmeubelen.be\/fr\/contact\/\">notre salle d&#8217;exposition \u00e0 Londerzeel<\/a>, juste le long de l&#8217;A12 entre Anvers et Bruxelles. Dans notre d\u00e9partement literie, vous comparez allong\u00e9 ce que vous avez avec ce qui existe aujourd&#8217;hui, et cet \u00e9cart constitue g\u00e9n\u00e9ralement la r\u00e9ponse la plus claire. La gamme de <a href=\"https:\/\/www.moensmeubelen.be\/fr\/cat\/slapen_fr_BE\/bedden_fr_BE\/matrassen_fr_BE\/\">matelas<\/a> est en ligne, et le choix est expliqu\u00e9 dans <a href=\"https:\/\/www.moensmeubelen.be\/fr\/trouvez-le-matelas-ideal\/\">trouver le matelas id\u00e9al<\/a>.[\/vc_column_text][vc_empty_space height=&#8221;20px&#8221;][\/vc_column][\/vc_row][vc_row][vc_column][vc_column_text]<\/p>\n<h2>\u00c0 propos de cet article<\/h2>\n<p>Meubelen Moens est une entreprise familiale situ\u00e9e le long de l&#8217;A12 \u00e0 Londerzeel, fond\u00e9e en 1948 par Louis Moens, menuisier et sculpteur de formation. Les rep\u00e8res ci-dessus proviennent de la pratique quotidienne de notre d\u00e9partement literie et de notre service de livraison, compl\u00e9t\u00e9e par les fiches techniques des fabricants de matelas avec lesquels nous travaillons. Les conditions de reprise et de recyclage varient selon la commune et la commande; demandez-nous les modalit\u00e9s actuelles. Derni\u00e8re v\u00e9rification le 17 ao\u00fbt 2026.[\/vc_column_text][\/vc_column][\/vc_row]<\/p>\n<h3>Lisez aussi<\/h3>\n<ul>\n<li><a href=\"https:\/\/www.moensmeubelen.be\/fr\/entretenir-matelas-duree-vie\/\">Faites durer votre matelas des ann\u00e9es de plus<\/a><\/li>\n<li><a href=\"https:\/\/www.moensmeubelen.be\/fr\/trouvez-le-matelas-ideal\/\">Trouver le matelas id\u00e9al : types, fermet\u00e9 et essai<\/a><\/li>\n<li><a href=\"https:\/\/www.moensmeubelen.be\/fr\/cat\/slapen_fr_BE\/bedden_fr_BE\/matrassen_fr_BE\/\">D\u00e9couvrez notre collection matelas<\/a><\/li>\n<\/ul>\n<\/div>","protected":false},"excerpt":{"rendered":"<p>Huit \u00e0 dix ans est la r\u00e8gle, mais les signaux comptent davantage. Les cinq v\u00e9rifications, ce qui se passe en dix ans et ce qui aide vraiment.<\/p>\n","protected":false},"author":1,"featured_media":802665,"comment_status":"closed","ping_status":"closed","sticky":false,"template":"","format":"standard","meta":{"_relevanssi_hide_post":"","_relevanssi_hide_content":"","_relevanssi_pin_for_all":"","_relevanssi_pin_keywords":"","_relevanssi_unpin_keywords":"","_relevanssi_related_keywords":"","_relevanssi_related_include_ids":"","_relevanssi_related_exclude_ids":"","_relevanssi_related_no_append":"","_relevanssi_related_not_related":"","_relevanssi_related_posts":"","_relevanssi_noindex_reason":"","footnotes":""},"categories":[25031,1115,1116],"tags":[1119,1120],"class_list":["post-76353","post","type-post","status-publish","format-standard","has-post-thumbnail","hentry","category-infos","category-woonkamers-fr","category-zitmeubels-fr","tag-news-fr","tag-zetels-fr"],"_links":{"self":[{"href":"https:\/\/www.moensmeubelen.be\/fr\/wp-json\/wp\/v2\/posts\/76353","targetHints":{"allow":["GET"]}}],"collection":[{"href":"https:\/\/www.moensmeubelen.be\/fr\/wp-json\/wp\/v2\/posts"}],"about":[{"href":"https:\/\/www.moensmeubelen.be\/fr\/wp-json\/wp\/v2\/types\/post"}],"author":[{"embeddable":true,"href":"https:\/\/www.moensmeubelen.be\/fr\/wp-json\/wp\/v2\/users\/1"}],"replies":[{"embeddable":true,"href":"https:\/\/www.moensmeubelen.be\/fr\/wp-json\/wp\/v2\/comments?post=76353"}],"version-history":[{"count":2,"href":"https:\/\/www.moensmeubelen.be\/fr\/wp-json\/wp\/v2\/posts\/76353\/revisions"}],"predecessor-version":[{"id":1046556,"href":"https:\/\/www.moensmeubelen.be\/fr\/wp-json\/wp\/v2\/posts\/76353\/revisions\/1046556"}],"wp:featuredmedia":[{"embeddable":true,"href":"https:\/\/www.moensmeubelen.be\/fr\/wp-json\/wp\/v2\/media\/802665"}],"wp:attachment":[{"href":"https:\/\/www.moensmeubelen.be\/fr\/wp-json\/wp\/v2\/media?parent=76353"}],"wp:term":[{"taxonomy":"category","embeddable":true,"href":"https:\/\/www.moensmeubelen.be\/fr\/wp-json\/wp\/v2\/categories?post=76353"},{"taxonomy":"post_tag","embeddable":true,"href":"https:\/\/www.moensmeubelen.be\/fr\/wp-json\/wp\/v2\/tags?post=76353"}],"curies":[{"name":"wp","href":"https:\/\/api.w.org\/{rel}","templated":true}]}}