{"id":817837,"date":"2025-06-05T10:35:49","date_gmt":"2025-06-05T08:35:49","guid":{"rendered":"https:\/\/www.moensmeubelen.be\/zomertrends-in-je-interieur\/"},"modified":"2026-08-17T18:08:08","modified_gmt":"2026-08-17T16:08:08","slug":"ete-dans-votre-interieur","status":"publish","type":"post","link":"https:\/\/www.moensmeubelen.be\/fr\/ete-dans-votre-interieur\/","title":{"rendered":"L&#8217;\u00e9t\u00e9 dans votre int\u00e9rieur : all\u00e9ger, garder le soleil dehors et relier au jardin"},"content":{"rendered":"<div class=\"wpb-content-wrapper\" id=\"wpb-content-root\"><p>[vc_row full_width=&#8221;stretch_row_content_no_spaces&#8221;][vc_column][vc_single_image image=&#8221;817834&#8243; img_size=&#8221;full&#8221; alignment=&#8221;center&#8221;][\/vc_column][\/vc_row][vc_row][vc_column][vc_empty_space height=&#8221;20px&#8221;][vc_column_text]Un int\u00e9rieur estival se cr\u00e9e surtout en retirant, pas en ajoutant. Les plaids en laine, les rideaux lourds, les housses \u00e9paisses et le tapis \u00e0 poils longs qui tombaient juste en janvier alourdissent et r\u00e9chauffent une pi\u00e8ce en juillet. Qui all\u00e8ge cette couche et la remplace par des mati\u00e8res plus l\u00e9g\u00e8res transforme l&#8217;ambiance d&#8217;un salon en un apr\u00e8s-midi et sans budget. Voici ce que vous rangez, quelles mati\u00e8res fonctionnent, comment garder le soleil dehors et ce que l&#8217;\u00e9t\u00e9 fait \u00e0 vos meubles.[\/vc_column_text][\/vc_column][\/vc_row][vc_row][vc_column][vc_column_text]<\/p>\n<h2>Commencez par retirer<\/h2>\n<p>L&#8217;intervention la plus rapide ne co\u00fbte rien. Rangez ce qui ajoute chaleur et poids: plaids en laine, housses en tricot, rideaux \u00e9pais, et \u00e9ventuellement le tapis \u00e0 poils longs.<\/p>\n<p>Une pi\u00e8ce avec moins de textile para\u00eet non seulement plus a\u00e9r\u00e9e, elle est aussi ressentie comme plus fra\u00eeche. Le textile isole, ce que l&#8217;on veut en hiver et pas en \u00e9t\u00e9.<\/p>\n<p>Passez ensuite aux <strong>surfaces<\/strong>. L&#8217;\u00e9t\u00e9 supporte davantage de vide: un dressoir avec trois objets para\u00eet plus frais que le m\u00eame avec dix. Ce que vous retirez revient simplement en automne.<\/p>\n<p>Et regardez l&#8217;<strong>agencement<\/strong>. En \u00e9t\u00e9, la vie se d\u00e9place souvent vers le jardin. Un canap\u00e9 pivot\u00e9 de quelques d\u00e9cim\u00e8tres vers les portes-fen\u00eatres change l&#8217;usage de la pi\u00e8ce sans rien acheter.[\/vc_column_text][\/vc_column][\/vc_row][vc_row equal_height=&#8221;yes&#8221; content_placement=&#8221;middle&#8221;][vc_column width=&#8221;1\/2&#8243;][vc_single_image image=&#8221;1046598&#8243; img_size=&#8221;large&#8221;][\/vc_column][vc_column width=&#8221;1\/2&#8243;][vc_column_text]<\/p>\n<h2>Les mati\u00e8res qui rafra\u00eechissent<\/h2>\n<p>Le <strong>lin<\/strong> est la mati\u00e8re estivale par excellence: il \u00e9vacue la chaleur de la peau, absorbe l&#8217;humidit\u00e9 et s\u00e8che vite. Des housses et des rideaux en lin font physiquement ce que la laine fait en hiver, mais en sens inverse.<\/p>\n<p>Le <strong>coton<\/strong> agit de mani\u00e8re comparable pour moins cher, mais se froisse autrement et para\u00eet moins souple.<\/p>\n<p>Le <strong>rotin, le jonc et les mati\u00e8res tress\u00e9es<\/strong> apportent une structure ouverte et a\u00e9rienne. Une table d&#8217;appoint en rotin ou un panier tress\u00e9 fait davantage pour une ambiance estivale qu&#8217;un changement de couleur.<\/p>\n<p>Les <strong>tapis tiss\u00e9s plats<\/strong> en coton ou en jute remplacent un tapis \u00e0 poils longs sans sacrifier compl\u00e8tement l&#8217;acoustique de la pi\u00e8ce.<\/p>\n<p>C\u00f4t\u00e9 couleurs: restez clair et sourd. Blanc cass\u00e9, sable, gris clair et vert doux renvoient la lumi\u00e8re et gardent une pi\u00e8ce lumineuse, m\u00eame avec une protection solaire.[\/vc_column_text][\/vc_column][\/vc_row][vc_row][vc_column][vc_column_text]<\/p>\n<h2>Garder le soleil dehors<\/h2>\n<ul>\n<li><strong>Travaillez \u00e0 l&#8217;ext\u00e9rieur.<\/strong> Stores, screens ou auvent arr\u00eatent la chaleur avant qu&#8217;elle n&#8217;entre. Une protection int\u00e9rieure bloque la lumi\u00e8re mais pas la chaleur, d\u00e9j\u00e0 pr\u00e9sente dans la pi\u00e8ce.<\/li>\n<li><strong>Fermez le jour, a\u00e9rez la nuit.<\/strong> Dans un \u00e9t\u00e9 belge, ce rythme fonctionne mieux que des fen\u00eatres ouvertes toute la journ\u00e9e: vous gardez la chaleur dehors le jour et rafra\u00eechissez la nuit.<\/li>\n<li><strong>Attention aux UV.<\/strong> La lumi\u00e8re directe d\u00e9colore tissu, cuir et bois de mani\u00e8re in\u00e9gale. C&#8217;est le d\u00e9g\u00e2t le plus fr\u00e9quemment signal\u00e9 en fin d&#8217;\u00e9t\u00e9, et il n&#8217;est pas couvert par la garantie.<\/li>\n<li><strong>Tournez et permutez.<\/strong> Retournez les coussins et d\u00e9placez r\u00e9guli\u00e8rement les accessoires sur les plateaux, pour \u00e9viter une zone plus claire l\u00e0 o\u00f9 un objet est rest\u00e9.<\/li>\n<li><strong>N&#8217;oubliez pas le sol.<\/strong> Un parquet se d\u00e9colore autant que vos meubles, et vous ne le voyez qu&#8217;en retirant un tapis.<\/li>\n<\/ul>\n<p>[\/vc_column_text][\/vc_column][\/vc_row][vc_row equal_height=&#8221;yes&#8221; content_placement=&#8221;middle&#8221;][vc_column width=&#8221;1\/2&#8243;][vc_column_text]<\/p>\n<h2>Relier l&#8217;int\u00e9rieur et l&#8217;ext\u00e9rieur<\/h2>\n<p>L&#8217;intervention estivale la plus forte consiste \u00e0 estomper la transition entre le salon et la terrasse.<\/p>\n<p>Quelques choix simples y suffisent. Gardez le <strong>passage libre<\/strong>: un meuble devant les portes-fen\u00eatres rompt la liaison, m\u00eame portes ouvertes. Utilisez des <strong>couleurs et mati\u00e8res proches<\/strong> \u00e0 l&#8217;int\u00e9rieur et \u00e0 l&#8217;ext\u00e9rieur, pour que l&#8217;oeil se prolonge. Et faites en sorte d&#8217;avoir <strong>de la verdure en vue<\/strong> depuis le canap\u00e9: cela fait plus pour la sensation d&#8217;\u00e9t\u00e9 que n&#8217;importe quel accessoire.<\/p>\n<p>Un second coin salon dehors reprend en \u00e9t\u00e9 une partie de la fonction du salon. Appliquez-y les m\u00eames mesures qu&#8217;\u00e0 l&#8217;int\u00e9rieur: 70 \u00e0 90 centim\u00e8tres de passage autour, et une table \u00e0 la bonne hauteur pour les si\u00e8ges utilis\u00e9s.<\/p>\n<p>Et gardez \u00e0 l&#8217;esprit que les meubles d&#8217;int\u00e9rieur n&#8217;ont rien \u00e0 faire dehors. M\u00eame sous un auvent, ils subissent une humidit\u00e9 et des \u00e9carts de temp\u00e9rature pour lesquels ils ne sont pas con\u00e7us.[\/vc_column_text][\/vc_column][vc_column width=&#8221;1\/2&#8243;][vc_single_image image=&#8221;1046600&#8243; img_size=&#8221;large&#8221;][\/vc_column][\/vc_row][vc_row][vc_column][vc_column_text]<\/p>\n<h2>Ce que l&#8217;\u00e9t\u00e9 fait \u00e0 vos meubles<\/h2>\n<p>L&#8217;\u00e9t\u00e9 est plus calme que l&#8217;hiver pour le mobilier, mais trois points m\u00e9ritent l&#8217;attention.<\/p>\n<p><strong>Le bois se dilate.<\/strong> Avec une humidit\u00e9 plus \u00e9lev\u00e9e, les plateaux massifs absorbent de l&#8217;humidit\u00e9 et gonflent l\u00e9g\u00e8rement. Les joints ouverts en hiver se referment. C&#8217;est un comportement normal, sans raison de s&#8217;inqui\u00e9ter.<\/p>\n<p><strong>Le cuir chauffe plus vite et colle<\/strong> au contact de la peau nue. Cela ne rel\u00e8ve pas de la qualit\u00e9 mais de la conduction thermique. Un plaid en coton sur l&#8217;assise r\u00e8gle la question.<\/p>\n<p><strong>Le soleil est le v\u00e9ritable ennemi.<\/strong> De tous les d\u00e9g\u00e2ts saisonniers que nous voyons, la d\u00e9coloration est de loin le plus fr\u00e9quent, et il est irr\u00e9versible. Une protection solaire et la rotation r\u00e9guli\u00e8re des coussins sont les seules mesures efficaces.<\/p>\n<p>L&#8217;\u00e9t\u00e9 est aussi un bon moment pour aspirer \u00e0 fond canap\u00e9s et matelas, et pour a\u00e9rer les armoires. Voir <a href=\"https:\/\/www.moensmeubelen.be\/fr\/comment-entretenir-un-meuble\/\">entretenir ses meubles<\/a>.[\/vc_column_text][\/vc_column][\/vc_row][vc_row][vc_column][vc_column_text]<\/p>\n<h2>Questions fr\u00e9quentes<\/h2>\n<h3>Faut-il ouvrir les fen\u00eatres la journ\u00e9e?<\/h3>\n<p>G\u00e9n\u00e9ralement non lorsqu&#8217;il fait plus chaud dehors que dedans. Mieux vaut fermer le jour avec une protection solaire et bien a\u00e9rer la nuit ou t\u00f4t le matin.<\/p>\n<h3>Une protection ext\u00e9rieure vaut-elle vraiment mieux que des rideaux?<\/h3>\n<p>Oui, et l&#8217;\u00e9cart est important. Elle arr\u00eate la chaleur avant qu&#8217;elle ne traverse le vitrage. Une protection int\u00e9rieure bloque la lumi\u00e8re, mais la chaleur est alors d\u00e9j\u00e0 dans la pi\u00e8ce.<\/p>\n<h3>Puis-je installer mes meubles d&#8217;int\u00e9rieur sur une terrasse couverte?<\/h3>\n<p>Plut\u00f4t pas. M\u00eame sans pluie, ils subissent humidit\u00e9, \u00e9carts de temp\u00e9rature et UV. Les collages, rev\u00eatements et garnissages ne sont pas pr\u00e9vus pour cela.<\/p>\n<h3>Comment r\u00e9parer un bois d\u00e9color\u00e9?<\/h3>\n<p>Sur du bois massif huil\u00e9, une d\u00e9coloration l\u00e9g\u00e8re dispara\u00eet en grande partie apr\u00e8s pon\u00e7age et nouvelle huile. Sur du bois verni, du placage, du tissu et du cuir, la d\u00e9coloration est d\u00e9finitive. La pr\u00e9vention est ici la seule vraie solution.<\/p>\n<p>[\/vc_column_text][\/vc_column][\/vc_row][vc_row][vc_column][vc_column_text]<\/p>\n<h2>Composons votre couche estivale<\/h2>\n<p>Des housses en lin, un tapis tiss\u00e9 plat et quelques mati\u00e8res tress\u00e9es transforment un salon plus profond\u00e9ment qu&#8217;on ne l&#8217;imagine. Passez dans <a href=\"https:\/\/www.moensmeubelen.be\/fr\/contact\/\">notre salle d&#8217;exposition \u00e0 Londerzeel<\/a>, juste le long de l&#8217;A12 entre Anvers et Bruxelles et voyez les combinaisons en vrai. La gamme <a href=\"https:\/\/www.moensmeubelen.be\/fr\/cat\/wonen_fr_BE\/decoratie_fr_BE\/\">d\u00e9coration<\/a> et <a href=\"https:\/\/www.moensmeubelen.be\/fr\/cat\/wonen_fr_BE\/\">vivre<\/a> est en ligne.[\/vc_column_text][vc_empty_space height=&#8221;20px&#8221;][\/vc_column][\/vc_row][vc_row][vc_column][vc_column_text]<\/p>\n<h2>\u00c0 propos de cet article<\/h2>\n<p>Meubelen Moens est une entreprise familiale situ\u00e9e le long de l&#8217;A12 \u00e0 Londerzeel, fond\u00e9e en 1948 par Louis Moens, menuisier et sculpteur de formation. Les conseils d&#8217;am\u00e9nagement proviennent de la pratique quotidienne de notre salle d&#8217;exposition; les constats sur les d\u00e9g\u00e2ts solaires et le mouvement du bois, de ce que notre service apr\u00e8s-vente observe chaque ann\u00e9e. Derni\u00e8re v\u00e9rification le 17 ao\u00fbt 2026.[\/vc_column_text][\/vc_column][\/vc_row]<\/p>\n<h3>Lisez aussi<\/h3>\n<ul>\n<li><a href=\"https:\/\/www.moensmeubelen.be\/fr\/garantie-meubles-belgique-droits\/\">Garantie sur les meubles en Belgique : quels sont vos droits ?<\/a><\/li>\n<li><a href=\"https:\/\/www.moensmeubelen.be\/fr\/vieux-meubles-donner-recycler\/\">Se d\u00e9barrasser de vieux meubles : donner, vendre ou recycler<\/a><\/li>\n<li><a href=\"https:\/\/www.moensmeubelen.be\/fr\/cat\/wonen_fr_BE\/\">D\u00e9couvrez toute notre collection pour le salon<\/a><\/li>\n<\/ul>\n<\/div>","protected":false},"excerpt":{"rendered":"<p>Un int\u00e9rieur estival se cr\u00e9e en retirant. Ce que vous rangez, les mati\u00e8res qui rafra\u00eechissent, comment arr\u00eater le soleil et ce que les UV font \u00e0 vos meubles.<\/p>\n","protected":false},"author":1,"featured_media":817834,"comment_status":"closed","ping_status":"closed","sticky":false,"template":"","format":"standard","meta":{"_relevanssi_hide_post":"","_relevanssi_hide_content":"","_relevanssi_pin_for_all":"","_relevanssi_pin_keywords":"","_relevanssi_unpin_keywords":"","_relevanssi_related_keywords":"","_relevanssi_related_include_ids":"","_relevanssi_related_exclude_ids":"","_relevanssi_related_no_append":"","_relevanssi_related_not_related":"","_relevanssi_related_posts":"","_relevanssi_noindex_reason":"","footnotes":""},"categories":[1112,27060,27060],"tags":[],"class_list":["post-817837","post","type-post","status-publish","format-standard","has-post-thumbnail","hentry","category-design-trends-fr","category-infos-pratiques"],"_links":{"self":[{"href":"https:\/\/www.moensmeubelen.be\/fr\/wp-json\/wp\/v2\/posts\/817837","targetHints":{"allow":["GET"]}}],"collection":[{"href":"https:\/\/www.moensmeubelen.be\/fr\/wp-json\/wp\/v2\/posts"}],"about":[{"href":"https:\/\/www.moensmeubelen.be\/fr\/wp-json\/wp\/v2\/types\/post"}],"author":[{"embeddable":true,"href":"https:\/\/www.moensmeubelen.be\/fr\/wp-json\/wp\/v2\/users\/1"}],"replies":[{"embeddable":true,"href":"https:\/\/www.moensmeubelen.be\/fr\/wp-json\/wp\/v2\/comments?post=817837"}],"version-history":[{"count":2,"href":"https:\/\/www.moensmeubelen.be\/fr\/wp-json\/wp\/v2\/posts\/817837\/revisions"}],"predecessor-version":[{"id":1046665,"href":"https:\/\/www.moensmeubelen.be\/fr\/wp-json\/wp\/v2\/posts\/817837\/revisions\/1046665"}],"wp:featuredmedia":[{"embeddable":true,"href":"https:\/\/www.moensmeubelen.be\/fr\/wp-json\/wp\/v2\/media\/817834"}],"wp:attachment":[{"href":"https:\/\/www.moensmeubelen.be\/fr\/wp-json\/wp\/v2\/media?parent=817837"}],"wp:term":[{"taxonomy":"category","embeddable":true,"href":"https:\/\/www.moensmeubelen.be\/fr\/wp-json\/wp\/v2\/categories?post=817837"},{"taxonomy":"post_tag","embeddable":true,"href":"https:\/\/www.moensmeubelen.be\/fr\/wp-json\/wp\/v2\/tags?post=817837"}],"curies":[{"name":"wp","href":"https:\/\/api.w.org\/{rel}","templated":true}]}}