{"id":916258,"date":"2026-04-09T23:09:16","date_gmt":"2026-04-09T21:09:16","guid":{"rendered":"https:\/\/www.moensmeubelen.be\/7-astuces-faciles-pour-rafraichir-votre-salon-au-printemps\/"},"modified":"2026-08-17T18:10:26","modified_gmt":"2026-08-17T16:10:26","slug":"7-astuces-faciles-pour-rafraichir-votre-salon-au-printemps","status":"publish","type":"post","link":"https:\/\/www.moensmeubelen.be\/fr\/7-astuces-faciles-pour-rafraichir-votre-salon-au-printemps\/","title":{"rendered":"Int\u00e9rieur pr\u00eat pour le printemps : 7 gestes pour rafra\u00eechir votre salon"},"content":{"rendered":"<div class=\"wpb-content-wrapper\" id=\"wpb-content-root\"><p>[vc_row full_width=&#8221;stretch_row_content_no_spaces&#8221;][vc_column][vc_single_image image=&#8221;916245&#8243; img_size=&#8221;full&#8221; alignment=&#8221;center&#8221;][\/vc_column][\/vc_row][vc_row][vc_column][vc_empty_space height=&#8221;20px&#8221;][vc_column_text]Votre salon ne donne pas la m\u00eame sensation en mars qu&#8217;en d\u00e9cembre, et cela vient rarement des meubles. La lumi\u00e8re du jour devient plus vive et plus froide, les journ\u00e9es s&#8217;allongent, et l&#8217;ambiance hivernale qui convenait pendant quatre mois para\u00eet soudain lourde. Sept gestes suffisent \u00e0 inverser cela, et aucun ne demande un achat. Les voici dans l&#8217;ordre o\u00f9 il vaut mieux les ex\u00e9cuter, avec l&#8217;entretien de printemps dont vos meubles ont de toute fa\u00e7on besoin \u00e0 ce moment.[\/vc_column_text][\/vc_column][\/vc_row][vc_row][vc_column][vc_column_text]<\/p>\n<h2>Pourquoi mars change tout<\/h2>\n<p>Entre d\u00e9cembre et avril, la quantit\u00e9 de lumi\u00e8re du jour en Belgique varie grossi\u00e8rement d&#8217;un facteur deux, et sa teinte passe de chaude et basse \u00e0 plus claire et plus froide.<\/p>\n<p>Deux cons\u00e9quences. Vous voyez davantage: la poussi\u00e8re sur les plinthes, les traces sur les vitres, un tapis plus terne que vous ne le pensiez. Et l&#8217;ambiance chaude et superpos\u00e9e, r\u00e9confortante en hiver, para\u00eet vite lourde et charg\u00e9e sous cette lumi\u00e8re plus nette.<\/p>\n<p>C&#8217;est pourquoi le premier geste de printemps consiste presque toujours \u00e0 <strong>retirer<\/strong> plut\u00f4t qu&#8217;\u00e0 ajouter. Ce que vous avez construit en automne, vous l&#8217;all\u00e9gez maintenant. Qui s&#8217;y tient dispose en pratique de deux int\u00e9rieurs avec un seul jeu de meubles.[\/vc_column_text][\/vc_column][\/vc_row][vc_row equal_height=&#8221;yes&#8221; content_placement=&#8221;middle&#8221;][vc_column width=&#8221;1\/2&#8243;][vc_single_image image=&#8221;1046602&#8243; img_size=&#8221;large&#8221;][\/vc_column][vc_column width=&#8221;1\/2&#8243;][vc_column_text]<\/p>\n<h2>Gestes 1 \u00e0 3<\/h2>\n<p><strong>1. All\u00e9gez le textile d&#8217;hiver.<\/strong> Rangez les plaids en laine, les housses en tricot et le tapis le plus \u00e9pais. Remplacez-les par du lin ou du coton en teintes plus claires. Ce seul geste transforme d\u00e9j\u00e0 sensiblement la pi\u00e8ce.<\/p>\n<p><strong>2. Lavez et a\u00e9rez ce qui reste.<\/strong> Rideaux, housses et tapis accumulent poussi\u00e8re et odeurs pendant une saison de chauffe sans qu&#8217;on le remarque. Aspirez enti\u00e8rement le canap\u00e9, coutures comprises, et retournez les coussins.<\/p>\n<p><strong>3. Faites entrer le vert.<\/strong> Des plantes, ou simplement une branche dans un vase, font davantage pour une ambiance printani\u00e8re que n&#8217;importe quelle d\u00e9coration. Travaillez avec un grand \u00e9l\u00e9ment plut\u00f4t que cinq petits: une grande branche dans un vase haut a plus d&#8217;effet que trois bouquets.[\/vc_column_text][\/vc_column][\/vc_row][vc_row][vc_column][vc_column_text]<\/p>\n<h2>Gestes 4 \u00e0 7<\/h2>\n<ul>\n<li><strong>4. Laissez vraiment entrer la lumi\u00e8re.<\/strong> Lavez les vitres des deux c\u00f4t\u00e9s. Cela para\u00eet banal, mais apr\u00e8s un hiver la diff\u00e9rence de luminosit\u00e9 est nette. Ouvrez les rideaux au-del\u00e0 de l&#8217;encadrement au lieu de les laisser \u00e0 moiti\u00e9 devant le vitrage.<\/li>\n<li><strong>5. D\u00e9placez un meuble.<\/strong> Tournez le canap\u00e9 vers la fen\u00eatre ou installez un fauteuil dans l&#8217;angle le plus clair. En hiver, on se tourne vers l&#8217;int\u00e9rieur; au printemps, vers l&#8217;ext\u00e9rieur. Un seul d\u00e9placement change l&#8217;usage de la pi\u00e8ce.<\/li>\n<li><strong>6. D\u00e9gagez les surfaces horizontales.<\/strong> Table basse, dressoir et appui de fen\u00eatre. Laissez au maximum trois objets par surface. Ce que vous retirez ne vous manque presque jamais.<\/li>\n<li><strong>7. Changez une couleur d&#8217;accent.<\/strong> Pas toute la pi\u00e8ce, mais la teinte qui revient dans les coussins, un vase et un livre. Passer du bordeaux profond au vert doux ou au jaune suffit \u00e0 faire basculer l&#8217;ensemble.<\/li>\n<\/ul>\n<p>Suivez cet ordre. Commencer par l&#8217;accent alors que le textile d&#8217;hiver est encore en place donne rarement le r\u00e9sultat escompt\u00e9.[\/vc_column_text][\/vc_column][\/vc_row][vc_row equal_height=&#8221;yes&#8221; content_placement=&#8221;middle&#8221;][vc_column width=&#8221;1\/2&#8243;][vc_column_text]<\/p>\n<h2>La lumi\u00e8re: le geste le plus efficace<\/h2>\n<p>En hiver, vous ajoutez des points lumineux; au printemps, vous pouvez en retirer. Une pi\u00e8ce qui re\u00e7oit encore du jour \u00e0 dix-neuf heures n&#8217;a pas besoin des m\u00eames lampes qu&#8217;en janvier.<\/p>\n<p>V\u00e9rifiez toutefois la <strong>teinte<\/strong> de ce que vous utilisez: un blanc chaud autour de 2700 kelvins reste au printemps aussi le bon choix dans un salon. Une lumi\u00e8re plus froide convient \u00e0 une salle de bains ou un atelier, pas \u00e0 un coin salon.<\/p>\n<p>Et regardez la <strong>tringle \u00e0 rideaux<\/strong>. Une tringle qui ne d\u00e9passe pas la largeur de la fen\u00eatre fait que les rideaux ouverts masquent toujours une partie du vitrage. Une tringle qui d\u00e9borde de vingt \u00e0 trente centim\u00e8tres de chaque c\u00f4t\u00e9 apporte de la lumi\u00e8re sans rien remplacer.<\/p>\n<p>Plus sur la construction lumineuse au fil de l&#8217;ann\u00e9e dans <a href=\"https:\/\/www.moensmeubelen.be\/fr\/light-my-fire-2\/\">l&#8217;\u00e9clairage du salon<\/a>.[\/vc_column_text][\/vc_column][vc_column width=&#8221;1\/2&#8243;][vc_single_image image=&#8221;1046604&#8243; img_size=&#8221;large&#8221;][\/vc_column][\/vc_row][vc_row][vc_column][vc_column_text]<\/p>\n<h2>L&#8217;entretien de printemps<\/h2>\n<p>La fin de la saison de chauffe est le moment logique pour l&#8217;entretien semestriel, et c&#8217;est aussi celui o\u00f9 vos meubles en profitent le plus.<\/p>\n<p>Le <strong>bois<\/strong> sort d&#8217;un hiver d&#8217;air sec. Rehuilez ou cirez, et v\u00e9rifiez les joints des plateaux: ils se referment maintenant que le bois reprend de l&#8217;humidit\u00e9. Si une fente reste ouverte, faites-la examiner.<\/p>\n<p>Le <strong>cuir<\/strong> a perdu des graisses sous l&#8217;effet de la chaleur s\u00e8che. Nettoyez-le et nourrissez-le avec un baume adapt\u00e9 \u00e0 sa qualit\u00e9.<\/p>\n<p>Le <strong>garnissage en tissu<\/strong> s&#8217;aspire enti\u00e8rement, coutures comprises, et vous retournez et permutez les coussins.<\/p>\n<p>Les <strong>matelas<\/strong> se tournent et se retournent, et le prot\u00e8ge-matelas passe au lavage.<\/p>\n<p>L&#8217;approche compl\u00e8te par mat\u00e9riau se trouve dans <a href=\"https:\/\/www.moensmeubelen.be\/fr\/comment-entretenir-un-meuble\/\">entretenir ses meubles<\/a>.[\/vc_column_text][\/vc_column][\/vc_row][vc_row][vc_column][vc_column_text]<\/p>\n<h2>Questions fr\u00e9quentes<\/h2>\n<h3>Combien de temps prennent ces sept gestes?<\/h3>\n<p>Un samedi matin pour les sept gestes eux-m\u00eames, sans le lavage des rideaux. Avec l&#8217;entretien complet du bois, du cuir et du garnissage, comptez une journ\u00e9e.<\/p>\n<h3>Faut-il vraiment deux jeux de housses?<\/h3>\n<p>C&#8217;est la fa\u00e7on la moins ch\u00e8re d&#8217;avoir deux int\u00e9rieurs. Choisissez les m\u00eames dimensions pour les deux jeux: vous ne changez alors que les housses, pas les coussins int\u00e9rieurs.<\/p>\n<h3>Quelles couleurs fonctionnent au printemps?<\/h3>\n<p>Des teintes claires et sourdes qui absorbent la lumi\u00e8re suppl\u00e9mentaire: blanc cass\u00e9, sable, vert doux, bleu clair. Tenez-vous \u00e0 une seule couleur d&#8217;accent, r\u00e9p\u00e9t\u00e9e \u00e0 trois endroits.<\/p>\n<h3>Que faire du textile d&#8217;hiver?<\/h3>\n<p>Lavez-le avant de le ranger, et conservez-le au sec et \u00e0 l&#8217;air dans un sac en coton plut\u00f4t qu&#8217;en plastique. Le plastique enferme l&#8217;humidit\u00e9 et cause des probl\u00e8mes d&#8217;odeur \u00e0 l&#8217;automne.<\/p>\n<p>[\/vc_column_text][\/vc_column][\/vc_row][vc_row][vc_column][vc_column_text]<\/p>\n<h2>Composons votre couche de printemps<\/h2>\n<p>Des housses en lin, un tapis plus l\u00e9ger et un vase bien choisi transforment un salon plus profond\u00e9ment qu&#8217;un meuble neuf. Passez dans <a href=\"https:\/\/www.moensmeubelen.be\/fr\/contact\/\">notre salle d&#8217;exposition \u00e0 Londerzeel<\/a>, juste le long de l&#8217;A12 entre Anvers et Bruxelles et comparez les combinaisons c\u00f4te \u00e0 c\u00f4te. La gamme <a href=\"https:\/\/www.moensmeubelen.be\/fr\/cat\/wonen_fr_BE\/decoratie_fr_BE\/\">d\u00e9coration<\/a> et <a href=\"https:\/\/www.moensmeubelen.be\/fr\/cat\/wonen_fr_BE\/\">vivre<\/a> est en ligne.[\/vc_column_text][vc_empty_space height=&#8221;20px&#8221;][\/vc_column][\/vc_row][vc_row][vc_column][vc_column_text]<\/p>\n<h2>\u00c0 propos de cet article<\/h2>\n<p>Meubelen Moens est une entreprise familiale situ\u00e9e le long de l&#8217;A12 \u00e0 Londerzeel, fond\u00e9e en 1948 par Louis Moens, menuisier et sculpteur de formation. Les conseils d&#8217;am\u00e9nagement proviennent de la pratique quotidienne de notre salle d&#8217;exposition; les conseils d&#8217;entretien, des prescriptions des fabricants avec lesquels nous travaillons et de ce que notre service apr\u00e8s-vente observe chaque printemps. Derni\u00e8re v\u00e9rification le 17 ao\u00fbt 2026.[\/vc_column_text][\/vc_column][\/vc_row]<\/p>\n<h3>Lisez aussi<\/h3>\n<ul>\n<li><a href=\"https:\/\/www.moensmeubelen.be\/fr\/formes-rondes-interieur\/\">Les formes rondes dans votre int\u00e9rieur : briser les angles droits<\/a><\/li>\n<li><a href=\"https:\/\/www.moensmeubelen.be\/fr\/embrassez-la-convivialite-tendances-deco-automne-pour-cette-saison\/\">L&#039;automne dans votre int\u00e9rieur : couches de textile, lumi\u00e8re chaude et saison de chauffe<\/a><\/li>\n<li><a href=\"https:\/\/www.moensmeubelen.be\/fr\/cat\/wonen_fr_BE\/\">D\u00e9couvrez toute notre collection pour le salon<\/a><\/li>\n<\/ul>\n<\/div>","protected":false},"excerpt":{"rendered":"<p>Sept gestes sans achat, dans le bon ordre : all\u00e9ger le textile, faire entrer la lumi\u00e8re, d\u00e9gager les surfaces et l&#8217;entretien de printemps.<\/p>\n","protected":false},"author":1,"featured_media":916244,"comment_status":"closed","ping_status":"closed","sticky":false,"template":"","format":"standard","meta":{"_relevanssi_hide_post":"","_relevanssi_hide_content":"","_relevanssi_pin_for_all":"","_relevanssi_pin_keywords":"","_relevanssi_unpin_keywords":"","_relevanssi_related_keywords":"","_relevanssi_related_include_ids":"","_relevanssi_related_exclude_ids":"","_relevanssi_related_no_append":"","_relevanssi_related_not_related":"","_relevanssi_related_posts":"","_relevanssi_noindex_reason":"","footnotes":""},"categories":[1121,1112,1114,27064,27059,27059,26004,1115,1116],"tags":[],"class_list":["post-916258","post","type-post","status-publish","format-standard","has-post-thumbnail","hentry","category-decoration-fr","category-design-trends-fr","category-furniture-fr","category-inspiration-fr-2","category-interieur-fr-2","category-meubels-fr","category-woonkamers-fr","category-zitmeubels-fr"],"_links":{"self":[{"href":"https:\/\/www.moensmeubelen.be\/fr\/wp-json\/wp\/v2\/posts\/916258","targetHints":{"allow":["GET"]}}],"collection":[{"href":"https:\/\/www.moensmeubelen.be\/fr\/wp-json\/wp\/v2\/posts"}],"about":[{"href":"https:\/\/www.moensmeubelen.be\/fr\/wp-json\/wp\/v2\/types\/post"}],"author":[{"embeddable":true,"href":"https:\/\/www.moensmeubelen.be\/fr\/wp-json\/wp\/v2\/users\/1"}],"replies":[{"embeddable":true,"href":"https:\/\/www.moensmeubelen.be\/fr\/wp-json\/wp\/v2\/comments?post=916258"}],"version-history":[{"count":4,"href":"https:\/\/www.moensmeubelen.be\/fr\/wp-json\/wp\/v2\/posts\/916258\/revisions"}],"predecessor-version":[{"id":1046668,"href":"https:\/\/www.moensmeubelen.be\/fr\/wp-json\/wp\/v2\/posts\/916258\/revisions\/1046668"}],"wp:featuredmedia":[{"embeddable":true,"href":"https:\/\/www.moensmeubelen.be\/fr\/wp-json\/wp\/v2\/media\/916244"}],"wp:attachment":[{"href":"https:\/\/www.moensmeubelen.be\/fr\/wp-json\/wp\/v2\/media?parent=916258"}],"wp:term":[{"taxonomy":"category","embeddable":true,"href":"https:\/\/www.moensmeubelen.be\/fr\/wp-json\/wp\/v2\/categories?post=916258"},{"taxonomy":"post_tag","embeddable":true,"href":"https:\/\/www.moensmeubelen.be\/fr\/wp-json\/wp\/v2\/tags?post=916258"}],"curies":[{"name":"wp","href":"https:\/\/api.w.org\/{rel}","templated":true}]}}