{"id":916274,"date":"2026-04-10T11:01:08","date_gmt":"2026-04-10T09:01:08","guid":{"rendered":"https:\/\/www.moensmeubelen.be\/meubles-qui-evoluent-avec-votre-famille\/"},"modified":"2026-08-17T18:17:18","modified_gmt":"2026-08-17T16:17:18","slug":"meubles-qui-evoluent-avec-votre-famille","status":"publish","type":"post","link":"https:\/\/www.moensmeubelen.be\/fr\/meubles-qui-evoluent-avec-votre-famille\/","title":{"rendered":"Des meubles qui \u00e9voluent avec votre famille : investir dans le design intemporel"},"content":{"rendered":"<div class=\"wpb-content-wrapper\" id=\"wpb-content-root\"><p>[vc_row full_width=&#8221;stretch_row_content_no_spaces&#8221;][vc_column][vc_single_image image=&#8221;916267&#8243; img_size=&#8221;full&#8221; alignment=&#8221;center&#8221;][\/vc_column][\/vc_row][vc_row][vc_column][vc_empty_space height=&#8221;20px&#8221;][vc_column_text]Le design intemporel est une expression tr\u00e8s employ\u00e9e et rarement expliqu\u00e9e. En pratique, elle recouvre quelque chose de tr\u00e8s concret: un meuble que vous voudrez encore dans vingt ans, et qui existera encore. Ce sont deux conditions distinctes, et les deux doivent \u00eatre remplies. Un magnifique dessin sur une structure en panneau de particules ne tiendra pas la distance, et un meuble indestructible dans la couleur de 2015 finira sur le trottoir dans dix ans. Voici comment reconna\u00eetre les meubles qui \u00e9voluent avec votre famille, et comment faire le calcul.[\/vc_column_text][\/vc_column][\/vc_row][vc_row][vc_column][vc_column_text]<\/p>\n<h2>Ce que signifie concr\u00e8tement intemporel<\/h2>\n<p>Intemporel n&#8217;est pas un style. Il existe des meubles modernes intemporels et des classiques dat\u00e9s, et inversement. Ce que la plupart des valeurs s\u00fbres ont en commun tient \u00e0 trois propri\u00e9t\u00e9s.<\/p>\n<p><strong>Des formes calmes.<\/strong> Les meubles qui reposent sur leurs proportions plut\u00f4t que sur un d\u00e9tail marquant vieillissent plus lentement. C&#8217;est pr\u00e9cis\u00e9ment le d\u00e9tail qui vous datera dans dix ans.<\/p>\n<p><strong>Des mat\u00e9riaux honn\u00eates.<\/strong> Bois massif, laine, cuir, acier. Ils vieillissent visiblement, mais d&#8217;une mani\u00e8re acceptable. Les mat\u00e9riaux qui tentent d&#8217;en imiter d&#8217;autres vieillissent mal: une imitation bois en plastique qui s&#8217;\u00e9caille n&#8217;a jamais bonne allure.<\/p>\n<p><strong>Une couleur neutre sur les grandes surfaces.<\/strong> Non parce que la couleur serait fautive, mais parce que votre go\u00fbt en mati\u00e8re de couleur \u00e9volue plus vite qu&#8217;en mati\u00e8re de forme. La couleur appartient \u00e0 la couche facilement rempla\u00e7able.<\/p>\n<p>S&#8217;y ajoute une quatri\u00e8me condition sans rapport avec le design: le meuble doit \u00eatre <strong>r\u00e9parable<\/strong>.[\/vc_column_text][\/vc_column][\/vc_row][vc_row equal_height=&#8221;yes&#8221; content_placement=&#8221;middle&#8221;][vc_column width=&#8221;1\/2&#8243;][vc_single_image image=&#8221;1046610&#8243; img_size=&#8221;large&#8221;][\/vc_column][vc_column width=&#8221;1\/2&#8243;][vc_column_text]<\/p>\n<h2>Des meubles qui \u00e9voluent avec la famille<\/h2>\n<p>Une famille change plus vite que les meubles ne s&#8217;usent. Un couple devient une famille, les enfants deviennent adolescents puis partent, et le salon change de fonction \u00e0 chaque \u00e9tape.<\/p>\n<p>Les meubles qui traversent cette vague ont un point commun: ils sont <strong>adaptables<\/strong>. Un canap\u00e9 modulaire que l&#8217;on recompose. Une table \u00e0 rallonge qui passe de quatre \u00e0 dix places. Un syst\u00e8me d&#8217;armoires auquel on ajoute des modules. Un lit de 90 sur 200 qui sert d&#8217;abord \u00e0 un enfant puis aux invit\u00e9s.<\/p>\n<p>La seconde propri\u00e9t\u00e9 est la <strong>disponibilit\u00e9 des pi\u00e8ces<\/strong>. Un canap\u00e9 dont on renouvelle les housses ou le garnissage, une table dont on fait repon\u00e7er le plateau, des pieds que l&#8217;on peut recommander.<\/p>\n<p>Posez explicitement la question \u00e0 l&#8217;achat. Certaines marques gardent les pi\u00e8ces disponibles dix ans ou plus, d&#8217;autres abandonnent une collection apr\u00e8s deux saisons.[\/vc_column_text][\/vc_column][\/vc_row][vc_row][vc_column][vc_column_text]<\/p>\n<h2>Le calcul: le co\u00fbt par ann\u00e9e d&#8217;usage<\/h2>\n<p>Le prix d&#8217;achat dit peu de choses. Ce qui compte, c&#8217;est ce qu&#8217;un meuble vous co\u00fbte par an, et ce calcul surprend souvent.<\/p>\n<ul>\n<li>Une <strong>table \u00e0 manger de 900 euros<\/strong> remplac\u00e9e apr\u00e8s huit ans revient \u00e0 environ 112 euros par an.<\/li>\n<li>Une <strong>table en ch\u00eane massif de 2400 euros<\/strong> repon\u00e7ee apr\u00e8s vingt ans pour 400 euros et qui dure trente ans revient \u00e0 environ 93 euros par an.<\/li>\n<li>Un <strong>canap\u00e9 de 1500 euros<\/strong> qui s&#8217;affaisse apr\u00e8s dix ans co\u00fbte 150 euros par an.<\/li>\n<li>Un <strong>canap\u00e9 de 2800 euros<\/strong> \u00e0 structure solide, regarni apr\u00e8s quinze ans pour 1200 euros et qui dure trente ans, revient \u00e0 environ 133 euros par an.<\/li>\n<\/ul>\n<p>Ce sont des exemples de calcul et non des prix de notre assortiment, mais le rapport se v\u00e9rifie en pratique. Le meuble plus cher n&#8217;est pas toujours moins cher \u00e0 l&#8217;ann\u00e9e, mais il l&#8217;est plus souvent qu&#8217;on ne le croit. Et la diff\u00e9rence se trouve presque toujours dans ce qui ne se voit pas: la structure, la suspension, l&#8217;\u00e9paisseur du mat\u00e9riau.[\/vc_column_text][\/vc_column][\/vc_row][vc_row equal_height=&#8221;yes&#8221; content_placement=&#8221;middle&#8221;][vc_column width=&#8221;1\/2&#8243;][vc_column_text]<\/p>\n<h2>Ce qui se passe apr\u00e8s vingt ans<\/h2>\n<p>C&#8217;est ici que les chemins divergent, et la distinction est pr\u00e9visible.<\/p>\n<p>Un <strong>meuble en bois massif<\/strong> pr\u00e9sente apr\u00e8s vingt ans une couleur plus profonde et des traces d&#8217;usage: c&#8217;est ce qu&#8217;on appelle la patine. Un plateau peut \u00eatre repon\u00e7\u00e9 et refini, et il para\u00eet ensuite presque neuf tout en gardant son caract\u00e8re.<\/p>\n<p>Un <strong>meuble plaqu\u00e9<\/strong> tient bien tant que la feuille de placage reste intacte, mais les rayures profondes et les d\u00e9g\u00e2ts d&#8217;eau ne se r\u00e9parent pas. Poncer signifierait traverser le placage.<\/p>\n<p>Un <strong>meuble en panneau m\u00e9lamin\u00e9<\/strong> ressemble apr\u00e8s vingt ans \u00e0 ce qu&#8217;il \u00e9tait, jusqu&#8217;\u00e0 ce que le chant se d\u00e9colle ou qu&#8217;un angle gonfle sous l&#8217;humidit\u00e9. L\u00e0, l&#8217;histoire s&#8217;arr\u00eate.<\/p>\n<p>Un <strong>canap\u00e9 rembourr\u00e9<\/strong> d\u00e9pend enti\u00e8rement de sa structure. En bois massif ou en contreplaqu\u00e9 solide, le regarnissage a du sens; en panneau de particules, le co\u00fbt ne se justifie pas. Voir <a href=\"https:\/\/www.moensmeubelen.be\/fr\/choisissez-le-meilleur-canape\/\">choisir le meilleur canap\u00e9<\/a>.[\/vc_column_text][\/vc_column][vc_column width=&#8221;1\/2&#8243;][vc_single_image image=&#8221;1046612&#8243; img_size=&#8221;large&#8221;][\/vc_column][\/vc_row][vc_row][vc_column][vc_column_text]<\/p>\n<h2>O\u00f9 investir et o\u00f9 ne pas investir<\/h2>\n<p>Tous les meubles ne m\u00e9ritent pas le m\u00eame investissement, et ce n&#8217;est pas un compromis mais une strat\u00e9gie.<\/p>\n<p><strong>Investissez dans ce que vous utilisez chaque jour et sollicitez fortement:<\/strong> le canap\u00e9, le matelas, la table \u00e0 manger et les chaises. Ce sont les pi\u00e8ces o\u00f9 l&#8217;usure se concentre et o\u00f9 la qualit\u00e9 fait une diff\u00e9rence mesurable en dur\u00e9e et en confort.<\/p>\n<p><strong>Soyez pragmatique pour ce que vous utilisez rarement ou ce qui change vite:<\/strong> un lit d&#8217;appoint, les meubles d&#8217;une chambre d&#8217;enfant qui devra \u00eatre autre chose dans huit ans, la d\u00e9coration, et la solution provisoire dans un logement o\u00f9 vous ne resterez pas longtemps.<\/p>\n<p><strong>N&#8217;\u00e9conomisez jamais sur la partie invisible.<\/strong> Un garnissage moins cher se remplace plus tard; une assise affaiss\u00e9e ou une structure cass\u00e9e signifie un nouveau meuble. S&#8217;il faut choisir, pr\u00e9f\u00e9rez un mod\u00e8le plus petit ou plus sobre de bonne qualit\u00e9 \u00e0 un grand mod\u00e8le de moindre qualit\u00e9.<\/p>\n<p>C&#8217;est aussi le choix le plus durable, car le meuble le plus \u00e9cologique est celui que vous ne devez pas remplacer.[\/vc_column_text][\/vc_column][\/vc_row][vc_row][vc_column][vc_column_text]<\/p>\n<h2>Questions fr\u00e9quentes<\/h2>\n<h3>Cher signifie-t-il toujours meilleur?<\/h3>\n<p>Non. Le prix refl\u00e8te aussi la marque, le niveau de finition et la marge. Demandez les donn\u00e9es concr\u00e8tes: mat\u00e9riau de la structure, densit\u00e9 de mousse, \u00e9paisseur du bois ou du cuir. Deux meubles au m\u00eame prix peuvent y \u00eatre tr\u00e8s \u00e9loign\u00e9s.<\/p>\n<h3>Comment savoir si les pi\u00e8ces resteront disponibles?<\/h3>\n<p>Posez explicitement la question \u00e0 l&#8217;achat et faites noter la r\u00e9ponse. Pour les marques que nous distribuons, nous pouvons v\u00e9rifier combien de temps collections et pi\u00e8ces restent g\u00e9n\u00e9ralement disponibles.<\/p>\n<h3>Puis-je remplacer plus tard un meuble bon march\u00e9 par un meuble cher?<\/h3>\n<p>C&#8217;est une strat\u00e9gie l\u00e9gitime, surtout dans un premier logement. Sachez toutefois que vous ach\u00e8terez deux fois. Pour les pi\u00e8ces que vous emporterez certainement dans le logement suivant, acheter bien d&#8217;embl\u00e9e revient g\u00e9n\u00e9ralement moins cher.<\/p>\n<h3>Qu&#8217;est-ce qui rend un meuble durable?<\/h3>\n<p>La dur\u00e9e de vie p\u00e8se plus lourd que le mat\u00e9riau ou le label. Un meuble qui tient quarante ans et se r\u00e9nove deux fois est plus durable que trois meubles successifs en mat\u00e9riau certifi\u00e9.<\/p>\n<p>[\/vc_column_text][\/vc_column][\/vc_row][vc_row][vc_column][vc_column_text]<\/p>\n<h2>Demandez ce qui ne se voit pas<\/h2>\n<p>Passez dans <a href=\"https:\/\/www.moensmeubelen.be\/fr\/contact\/\">notre salle d&#8217;exposition \u00e0 Londerzeel<\/a>, juste le long de l&#8217;A12 entre Anvers et Bruxelles et demandez sans h\u00e9siter la fiche technique de chaque meuble envisag\u00e9: structure, suspension, densit\u00e9 de mousse, \u00e9paisseur du bois. Nous la sortons volontiers. La gamme <a href=\"https:\/\/www.moensmeubelen.be\/fr\/cat\/wonen_fr_BE\/\">vivre<\/a> et <a href=\"https:\/\/www.moensmeubelen.be\/fr\/cat\/slapen_fr_BE\/\">dormir<\/a> est en ligne.[\/vc_column_text][vc_empty_space height=&#8221;20px&#8221;][\/vc_column][\/vc_row][vc_row][vc_column][vc_column_text]<\/p>\n<h2>\u00c0 propos de cet article<\/h2>\n<p>Meubelen Moens est une entreprise familiale situ\u00e9e le long de l&#8217;A12 \u00e0 Londerzeel, fond\u00e9e en 1948 par Louis Moens, menuisier et sculpteur de formation. Les constats sur la dur\u00e9e de vie et la r\u00e9parabilit\u00e9 proviennent de la pratique quotidienne de notre salle d&#8217;exposition et de notre service apr\u00e8s-vente. Les montants des exemples de calcul sont illustratifs et ne correspondent pas \u00e0 des prix de notre assortiment. Derni\u00e8re v\u00e9rification le 17 ao\u00fbt 2026.[\/vc_column_text][\/vc_column][\/vc_row]<\/p>\n<h3>Lisez aussi<\/h3>\n<ul>\n<li><a href=\"https:\/\/www.moensmeubelen.be\/fr\/ete-dans-votre-interieur\/\">L&#039;\u00e9t\u00e9 dans votre int\u00e9rieur : all\u00e9ger, garder le soleil dehors et relier au jardin<\/a><\/li>\n<li><a href=\"https:\/\/www.moensmeubelen.be\/fr\/7-astuces-faciles-pour-rafraichir-votre-salon-au-printemps\/\">Int\u00e9rieur pr\u00eat pour le printemps : 7 gestes pour rafra\u00eechir votre salon<\/a><\/li>\n<li><a href=\"https:\/\/www.moensmeubelen.be\/fr\/cat\/wonen_fr_BE\/\">D\u00e9couvrez toute notre collection pour le salon<\/a><\/li>\n<\/ul>\n<\/div>","protected":false},"excerpt":{"rendered":"<p>Intemporel signifie: le vouloir encore dans vingt ans et l&#8217;avoir encore. Les caract\u00e9ristiques des valeurs s\u00fbres et le co\u00fbt par ann\u00e9e d&#8217;usage.<\/p>\n","protected":false},"author":1,"featured_media":916266,"comment_status":"closed","ping_status":"closed","sticky":false,"template":"","format":"standard","meta":{"_relevanssi_hide_post":"","_relevanssi_hide_content":"","_relevanssi_pin_for_all":"","_relevanssi_pin_keywords":"","_relevanssi_unpin_keywords":"","_relevanssi_related_keywords":"","_relevanssi_related_include_ids":"","_relevanssi_related_exclude_ids":"","_relevanssi_related_no_append":"","_relevanssi_related_not_related":"","_relevanssi_related_posts":"","_relevanssi_noindex_reason":"","footnotes":""},"categories":[1112,1113,1114,27064,27064,27059,26004,1115,1116],"tags":[1126],"class_list":["post-916274","post","type-post","status-publish","format-standard","has-post-thumbnail","hentry","category-design-trends-fr","category-eetkamers-fr","category-furniture-fr","category-inspiration-fr-2","category-interieur-fr-2","category-meubels-fr","category-woonkamers-fr","category-zitmeubels-fr","tag-trends-fr"],"_links":{"self":[{"href":"https:\/\/www.moensmeubelen.be\/fr\/wp-json\/wp\/v2\/posts\/916274","targetHints":{"allow":["GET"]}}],"collection":[{"href":"https:\/\/www.moensmeubelen.be\/fr\/wp-json\/wp\/v2\/posts"}],"about":[{"href":"https:\/\/www.moensmeubelen.be\/fr\/wp-json\/wp\/v2\/types\/post"}],"author":[{"embeddable":true,"href":"https:\/\/www.moensmeubelen.be\/fr\/wp-json\/wp\/v2\/users\/1"}],"replies":[{"embeddable":true,"href":"https:\/\/www.moensmeubelen.be\/fr\/wp-json\/wp\/v2\/comments?post=916274"}],"version-history":[{"count":4,"href":"https:\/\/www.moensmeubelen.be\/fr\/wp-json\/wp\/v2\/posts\/916274\/revisions"}],"predecessor-version":[{"id":1046683,"href":"https:\/\/www.moensmeubelen.be\/fr\/wp-json\/wp\/v2\/posts\/916274\/revisions\/1046683"}],"wp:featuredmedia":[{"embeddable":true,"href":"https:\/\/www.moensmeubelen.be\/fr\/wp-json\/wp\/v2\/media\/916266"}],"wp:attachment":[{"href":"https:\/\/www.moensmeubelen.be\/fr\/wp-json\/wp\/v2\/media?parent=916274"}],"wp:term":[{"taxonomy":"category","embeddable":true,"href":"https:\/\/www.moensmeubelen.be\/fr\/wp-json\/wp\/v2\/categories?post=916274"},{"taxonomy":"post_tag","embeddable":true,"href":"https:\/\/www.moensmeubelen.be\/fr\/wp-json\/wp\/v2\/tags?post=916274"}],"curies":[{"name":"wp","href":"https:\/\/api.w.org\/{rel}","templated":true}]}}